{"id":10873,"date":"2017-04-04T11:07:40","date_gmt":"2017-04-04T14:07:40","guid":{"rendered":"https:\/\/25informa.com\/?p=10873"},"modified":"2017-04-04T11:07:40","modified_gmt":"2017-04-04T14:07:40","slug":"la-pampa-va-a-adherir-a-la-ley-de-uso-medicinal-del-cannabis","status":"publish","type":"post","link":"https:\/\/25informa.com\/web\/la-pampa-va-a-adherir-a-la-ley-de-uso-medicinal-del-cannabis\/","title":{"rendered":"La Pampa va a adherir a la ley de uso medicinal del cannabis"},"content":{"rendered":"<p>Los diputados <strong>Espartaco Mar\u00edn (PJ), Abel Sabarots (UCR) y Luis Solana (Partido Socialista)<\/strong> presentar\u00e1n un proyecto para regular el uso del aceite de cannabis con fines medicinales en la provincia de La Pampa.<!--more--><\/p>\n<p>En el proyecto se plantea adherir a la Ley Nacional sancionada recientemente, para que los usuarios de nuestra provincia puedan ser beneficiarios del programa que se crea en dicha norma. Adem\u00e1s, se establece un procedimiento propio para promover la investigaci\u00f3n m\u00e9dica- cient\u00edfica del uso medicinal de la planta de cannabis y sus derivados, garantizando el cuidado integral de la salud en nuestra provincia.<\/p>\n<p>La semana pasada el Congreso Nacional sancion\u00f3 la ley de uso de cannabis medicinal.<\/p>\n<p>El diputado Mar\u00edn dijo \u201ccomo ya he se\u00f1alado esto no es un debate ideol\u00f3gico o partidario, sino que es una certeza m\u00e9dica con evidencia emp\u00edrica que lo avala. Es por eso que vamos a presentar este proyecto junto con los diputados Sabarots y Solana. Son temas que son transversales y que debemos velar por la salud de muchos pampeanos que podr\u00edan ser criminalizados por no haber un marco legal que los ampare. Es por ello que junto con Abel (Sabarots) nos reunimos con el doctor Mariano Fusero, especialista pol\u00edtica de drogas, y Director del \u00c1rea de Pol\u00edtica de Drogas de Asociaci\u00f3n Pensamiento Penal. Conversamos sobre la ley recientemente sancionada y le expusimos sobre nuestra iniciativa para La Pampa para que nos pueda aportar a nuestro trabajo\u201d.<\/p>\n<p>El proyecto permite a la autoridad de aplicaci\u00f3n establecer convenios con la Administraci\u00f3n Nacional de Medicamentos, Alimentos y Tecnolog\u00eda M\u00e9dica (ANMAT), la Universidad Nacional de La Pampa, la Estaci\u00f3n Experimental Agropecuaria Anguil dependiente del Instituto Nacional de Tecnolog\u00eda Agropecuaria (INTA), laboratorio municipal de General Pico, laboratorios p\u00fablicos de otras provincias y el Ministerio de Salud de la Naci\u00f3n, as\u00ed como tambi\u00e9n interactuar con asociaciones de usuarios a trav\u00e9s de un Foro Consultivo Provincial.<\/p>\n<p>\u201cHemos seguido en los \u00faltimos d\u00edas, la sanci\u00f3n de la ley en la C\u00e1mara de Senadores, y como en otras provincias tambi\u00e9n se ha avanzado. Consideramos que nuestra provincia no puede estar al margen de este proceso, sino que debemos legislar en el sentido de no criminalizar a aquellas personas que han descubierto los beneficios de este producto para la salud de ellos mismos o de una persona querida\u201d, afirm\u00f3 el diputado justicialista.<\/p>\n<p>Otro de los puntos importantes de este proyecto, es darle cobertura legal a Sempre, la Obra Social con mayor cantidad de afiliados en nuestra provincia. \u201cHoy Sempre le reintegra a uno de sus afiliados el precio del medicamento m\u00e1s todo el costo de la importaci\u00f3n, caso que fue difundido en los medios de comunicaci\u00f3n en el mes de octubre. Es justamente con este proyecto que pretendemos aportar legislaci\u00f3n que los ampare, pero tambi\u00e9n reducir costos, ya que es un aceite que podr\u00eda producirse en el pa\u00eds y en nuestra provincia siendo mucho m\u00e1s barato que importarlo\u201d, mencion\u00f3.<\/p>\n<p>Por \u00faltimo, se establece la creaci\u00f3n de un Registro Provincial Voluntario de Pacientes y Familiares a cargo de Pacientes que, presentando las patolog\u00edas incluidas en la reglamentaci\u00f3n que determine el Ministerio de Salud, sean usuarios o susceptibles del uso del aceite de cannabis. Es importante aclarar que la informaci\u00f3n consignada en este registro tendr\u00e1 el car\u00e1cter de confidencial y solo podr\u00e1 ser usado para el objeto de la presente norma.<\/p>\n<p>Para finalizar, Mar\u00edn destac\u00f3 \u201ctenemos que ser lo m\u00e1s claros posible, y destacar que no estamos legalizando o despenalizando el consumo del cannabis, estamos presentando un proyecto para la utilizaci\u00f3n medicinal de un aceite que sirve para mejorar la calidad de vida de pacientes que sufren un tipo de patolog\u00edas muy puntuales.\u201d<\/p>\n<p>Si bien se sancion\u00f3 la ley a nivel nacional, el autocultivo de cannabis para producir el propio aceite y que reclaman asociaciones como Mama Cultiva qued\u00f3 excluido de la legislaci\u00f3n y por lo tanto seguir\u00e1 siendo ilegal. La cuesti\u00f3n del autocultivo fue central en el debate de los \u00faltimos meses. La oposici\u00f3n lo seguir\u00e1 reclamando, pero acompa\u00f1\u00f3 igual el proyecto del oficialismo de Cambiemos, m\u00e1s \u201crestrictivo\u201d, igualmente considerado un avance formidable. (Eldiariodelapampa)<\/p>\n<p>&nbsp;<\/p>\n","protected":false},"excerpt":{"rendered":"<p>Los diputados Espartaco Mar\u00edn (PJ), Abel Sabarots (UCR) y Luis Solana (Partido Socialista) presentar\u00e1n un proyecto para regular el uso del aceite de cannabis con fines medicinales en la provincia de La Pampa. En el proyecto se plantea adherir a la Ley Nacional sancionada recientemente, para que los usuarios de nuestra provincia puedan ser beneficiarios &hellip;<\/p>\n","protected":false},"author":2,"featured_media":10874,"comment_status":"open","ping_status":"open","sticky":false,"template":"","format":"standard","meta":{"_jetpack_memberships_contains_paid_content":false,"footnotes":"","jetpack_publicize_message":"","jetpack_publicize_feature_enabled":true,"jetpack_social_post_already_shared":false,"jetpack_social_options":{"image_generator_settings":{"template":"highway","default_image_id":0,"font":"","enabled":false},"version":2}},"categories":[5,8],"tags":[],"class_list":["post-10873","post","type-post","status-publish","format-standard","has-post-thumbnail","hentry","category-destacadas","category-provinciales"],"jetpack_publicize_connections":[],"jetpack_featured_media_url":"https:\/\/i0.wp.com\/25informa.com\/web\/wp-content\/uploads\/2017\/04\/cannabis.jpg?fit=650%2C460&ssl=1","jetpack-related-posts":[],"jetpack_sharing_enabled":true,"jetpack_likes_enabled":true,"_links":{"self":[{"href":"https:\/\/25informa.com\/web\/wp-json\/wp\/v2\/posts\/10873","targetHints":{"allow":["GET"]}}],"collection":[{"href":"https:\/\/25informa.com\/web\/wp-json\/wp\/v2\/posts"}],"about":[{"href":"https:\/\/25informa.com\/web\/wp-json\/wp\/v2\/types\/post"}],"author":[{"embeddable":true,"href":"https:\/\/25informa.com\/web\/wp-json\/wp\/v2\/users\/2"}],"replies":[{"embeddable":true,"href":"https:\/\/25informa.com\/web\/wp-json\/wp\/v2\/comments?post=10873"}],"version-history":[{"count":0,"href":"https:\/\/25informa.com\/web\/wp-json\/wp\/v2\/posts\/10873\/revisions"}],"wp:featuredmedia":[{"embeddable":true,"href":"https:\/\/25informa.com\/web\/wp-json\/wp\/v2\/media\/10874"}],"wp:attachment":[{"href":"https:\/\/25informa.com\/web\/wp-json\/wp\/v2\/media?parent=10873"}],"wp:term":[{"taxonomy":"category","embeddable":true,"href":"https:\/\/25informa.com\/web\/wp-json\/wp\/v2\/categories?post=10873"},{"taxonomy":"post_tag","embeddable":true,"href":"https:\/\/25informa.com\/web\/wp-json\/wp\/v2\/tags?post=10873"}],"curies":[{"name":"wp","href":"https:\/\/api.w.org\/{rel}","templated":true}]}}