{"id":1175,"date":"2015-11-17T11:51:48","date_gmt":"2015-11-17T14:51:48","guid":{"rendered":"https:\/\/25informa.com\/?p=1175"},"modified":"2015-11-17T11:51:48","modified_gmt":"2015-11-17T14:51:48","slug":"diputados-tratan-programa-de-regularizacion-de-tierras-en-el-oeste","status":"publish","type":"post","link":"https:\/\/25informa.com\/web\/diputados-tratan-programa-de-regularizacion-de-tierras-en-el-oeste\/","title":{"rendered":"Diputados tratan programa de regularizaci\u00f3n de tierras en el oeste"},"content":{"rendered":"<h3 class=\"itemIntroText\" style=\"text-align: justify;\"><span style=\"color: #000000;\">17\/11\/15 &#8211; La Comisi\u00f3n de Legislaci\u00f3n General de la C\u00e1mara de Diputados sacar\u00e1 hoy dictamen del proyecto de ley 287\/2012 que propone un Programa de Regularizaci\u00f3n de Tierras para toda la Provincia. Los legisladores introdujeron modificaciones: bajaron la posesi\u00f3n de 40 a 20 a\u00f1os.<\/span><\/h3>\n<p>&nbsp;<br \/>\n&nbsp;<br \/>\n&nbsp;<br \/>\n&nbsp;<br \/>\n&nbsp;<\/p>\n<h3 class=\"itemFullText\" style=\"text-align: justify;\"><span style=\"color: #000000;\">La iniciativa es autor\u00eda del diputado Mart\u00edn Borthiry (PJ vernista). Originalmente fue pensada para regularizar las tierras ocupadas por pobladores originarios de los departamentos de Chical Co, Chalileo y Puel\u00e9n, pero ahora la bancada oficialista decidi\u00f3 ampliarlo a toda la provincia.<\/span><\/h3>\n<h3 class=\"itemFullText\" style=\"text-align: justify;\"><\/h3>\n<h3 class=\"itemFullText\" style=\"text-align: justify;\"><\/h3>\n<p>&nbsp;<\/p>\n<h3 class=\"itemFullText\" style=\"text-align: justify;\"><\/h3>\n<h3 style=\"text-align: justify;\"><span style=\"color: #000000;\">El proyecto hab\u00eda sido archivado, pero este a\u00f1o volvi\u00f3 a tomar estado parlamentario en la Comisi\u00f3n de Legislaci\u00f3n General.<\/span><\/h3>\n<h3 class=\"itemFullText\" style=\"text-align: justify;\"><span style=\"color: #000000;\">\u00a0<\/span><\/h3>\n<h3 class=\"itemFullText\" style=\"text-align: justify;\"><span style=\"color: #000000;\">\u00a0<\/span><\/h3>\n<h3 class=\"itemFullText\" style=\"text-align: justify;\"><span style=\"color: #000000;\">\u00a0<\/span><\/h3>\n<p>&nbsp;<\/p>\n<h3 style=\"text-align: justify;\"><span style=\"color: #000000;\">\u00abOriginalmente hablaba de regularizar tierras en el oeste, pero ahora lo planteamos en toda La Pampa. En el primer proyecto se establec\u00eda que la tenencia fuera de 40 a\u00f1os, ahora lo bajamos a 20. Queremos trabajar caso por caso\u00bb, dijo la presidenta de la comisi\u00f3n, Carmen Bertone.<\/span><\/h3>\n<h3 class=\"itemFullText\" style=\"text-align: justify;\"><span style=\"color: #000000;\">\u00a0<\/span><\/h3>\n<h3 class=\"itemFullText\" style=\"text-align: justify;\"><span style=\"color: #000000;\">\u00a0<\/span><\/h3>\n<p>&nbsp;<\/p>\n<h3 class=\"itemFullText\" style=\"text-align: justify;\"><span style=\"color: #000000;\">\u00a0<\/span><\/h3>\n<h3 style=\"text-align: justify;\"><span style=\"color: #000000;\">Los diputados solicitar\u00e1n testigos, documentaci\u00f3n, relatos hist\u00f3ricos, fotos y todo tipo de informaci\u00f3n para certificar la posesi\u00f3n de la tierra a los fines de que el Estado luego regularice la situaci\u00f3n con la escritura de propiedad de los pobladores originarios.<\/span><\/h3>\n<p>&nbsp;<br \/>\n&nbsp;<br \/>\n&nbsp;<br \/>\n&nbsp;<br \/>\n&nbsp;<\/p>\n<h3><span style=\"color: #000000;\">Fuente: Diario Textual<\/span><\/h3>\n<p>&nbsp;<br \/>\n&nbsp;<br \/>\n&nbsp;<br \/>\n&nbsp;<\/p>\n","protected":false},"excerpt":{"rendered":"<p>17\/11\/15 &#8211; La Comisi\u00f3n de Legislaci\u00f3n General de la C\u00e1mara de Diputados sacar\u00e1 hoy dictamen del proyecto de ley 287\/2012 que propone un Programa de Regularizaci\u00f3n de Tierras para toda la Provincia. Los legisladores introdujeron modificaciones: bajaron la posesi\u00f3n de 40 a 20 a\u00f1os. &nbsp; &nbsp; &nbsp; &nbsp; &nbsp; La iniciativa es autor\u00eda del diputado &hellip;<\/p>\n","protected":false},"author":2,"featured_media":1176,"comment_status":"open","ping_status":"open","sticky":false,"template":"","format":"standard","meta":{"_jetpack_memberships_contains_paid_content":false,"footnotes":"","jetpack_publicize_message":"","jetpack_publicize_feature_enabled":true,"jetpack_social_post_already_shared":false,"jetpack_social_options":{"image_generator_settings":{"template":"highway","default_image_id":0,"font":"","enabled":false},"version":2}},"categories":[5,3,8],"tags":[],"class_list":["post-1175","post","type-post","status-publish","format-standard","has-post-thumbnail","hentry","category-destacadas","category-noticias","category-provinciales"],"jetpack_publicize_connections":[],"jetpack_featured_media_url":"https:\/\/i0.wp.com\/25informa.com\/web\/wp-content\/uploads\/2015\/11\/oeste-pampeano-1.jpg?fit=565%2C319&ssl=1","jetpack-related-posts":[],"jetpack_sharing_enabled":true,"jetpack_likes_enabled":true,"_links":{"self":[{"href":"https:\/\/25informa.com\/web\/wp-json\/wp\/v2\/posts\/1175","targetHints":{"allow":["GET"]}}],"collection":[{"href":"https:\/\/25informa.com\/web\/wp-json\/wp\/v2\/posts"}],"about":[{"href":"https:\/\/25informa.com\/web\/wp-json\/wp\/v2\/types\/post"}],"author":[{"embeddable":true,"href":"https:\/\/25informa.com\/web\/wp-json\/wp\/v2\/users\/2"}],"replies":[{"embeddable":true,"href":"https:\/\/25informa.com\/web\/wp-json\/wp\/v2\/comments?post=1175"}],"version-history":[{"count":0,"href":"https:\/\/25informa.com\/web\/wp-json\/wp\/v2\/posts\/1175\/revisions"}],"wp:featuredmedia":[{"embeddable":true,"href":"https:\/\/25informa.com\/web\/wp-json\/wp\/v2\/media\/1176"}],"wp:attachment":[{"href":"https:\/\/25informa.com\/web\/wp-json\/wp\/v2\/media?parent=1175"}],"wp:term":[{"taxonomy":"category","embeddable":true,"href":"https:\/\/25informa.com\/web\/wp-json\/wp\/v2\/categories?post=1175"},{"taxonomy":"post_tag","embeddable":true,"href":"https:\/\/25informa.com\/web\/wp-json\/wp\/v2\/tags?post=1175"}],"curies":[{"name":"wp","href":"https:\/\/api.w.org\/{rel}","templated":true}]}}