{"id":14914,"date":"2018-03-19T11:52:49","date_gmt":"2018-03-19T14:52:49","guid":{"rendered":"https:\/\/25informa.com\/?p=14914"},"modified":"2018-03-19T11:52:49","modified_gmt":"2018-03-19T14:52:49","slug":"la-asignacion-universal-aumentara-cada-tres-meses-desde-marzo","status":"publish","type":"post","link":"https:\/\/25informa.com\/web\/la-asignacion-universal-aumentara-cada-tres-meses-desde-marzo\/","title":{"rendered":"La asignaci\u00f3n universal aumentar\u00e1 cada tres meses desde marzo"},"content":{"rendered":"<p>En consonancia con la ley aprobada por el Congreso de la Naci\u00f3n,\u00a0<b>las asignaciones se ajustar\u00e1n cuatro veces al a\u00f1o comenzando este marzo<\/b>, y siguiendo correlativamente en los meses de junio, septiembre y diciembre.\u00a0<!--more--><\/p>\n<p>\u00ab<b>Esta nueva modalidad busca cuidar el valor real de las prestaciones, evitando que su monto quede por debajo de la inflaci\u00f3n<\/b>\u00ab, se\u00f1al\u00f3 ANSES a trav\u00e9s de un comunicado.<\/p>\n<p>De esta manera,\u00a0<b>a partir del 1\u00ba de marzo todas las asignaciones tendr\u00e1n un aumento del 5,71%<\/b>\u00a0como parte de la primera mejora del 2018.<\/p>\n<p>Con este incremento\u00a0<b>la Asignaci\u00f3n Universal por Hijo (AUH) pasar\u00e1 a $1493, la Asignaci\u00f3n por Hijo con Discapacidad se elevar\u00e1 a $4869, y tambi\u00e9n se modificar\u00e1 el valor de la Ayuda Escolar Anual a $1250 por hijo.<\/b><\/p>\n<p>Adem\u00e1s,\u00a0<b>los titulares de la Asignaci\u00f3n Universal por Hijo cobrar\u00e1n en marzo un bono por \u00fanica vez de $400<\/b>\u00a0para acompa\u00f1ar el cambio de f\u00f3rmula de movilidad.<\/p>\n<p>ANSES record\u00f3 a los beneficiarios que para cobrar el 20% acumulado del \u00faltimo a\u00f1o de la asignaci\u00f3n, es necesario presentar en tiempo y forma la Libreta de Educaci\u00f3n y Salud o el Formulario PS 1.47 de cada hijos\/as, todos los a\u00f1os.<\/p>\n","protected":false},"excerpt":{"rendered":"<p>En consonancia con la ley aprobada por el Congreso de la Naci\u00f3n,\u00a0las asignaciones se ajustar\u00e1n cuatro veces al a\u00f1o comenzando este marzo, y siguiendo correlativamente en los meses de junio, septiembre y diciembre.\u00a0 \u00abEsta nueva modalidad busca cuidar el valor real de las prestaciones, evitando que su monto quede por debajo de la inflaci\u00f3n\u00ab, se\u00f1al\u00f3 &hellip;<\/p>\n","protected":false},"author":2,"featured_media":14915,"comment_status":"open","ping_status":"open","sticky":false,"template":"","format":"standard","meta":{"_jetpack_memberships_contains_paid_content":false,"footnotes":"","jetpack_publicize_message":"","jetpack_publicize_feature_enabled":true,"jetpack_social_post_already_shared":false,"jetpack_social_options":{"image_generator_settings":{"template":"highway","default_image_id":0,"font":"","enabled":false},"version":2}},"categories":[5,7],"tags":[],"class_list":["post-14914","post","type-post","status-publish","format-standard","has-post-thumbnail","hentry","category-destacadas","category-nacionales"],"jetpack_publicize_connections":[],"jetpack_featured_media_url":"https:\/\/i0.wp.com\/25informa.com\/web\/wp-content\/uploads\/2018\/03\/fechas_cobros_asignacion_universal_por_hijo.jpg?fit=1058%2C827&ssl=1","jetpack-related-posts":[],"jetpack_sharing_enabled":true,"jetpack_likes_enabled":true,"_links":{"self":[{"href":"https:\/\/25informa.com\/web\/wp-json\/wp\/v2\/posts\/14914","targetHints":{"allow":["GET"]}}],"collection":[{"href":"https:\/\/25informa.com\/web\/wp-json\/wp\/v2\/posts"}],"about":[{"href":"https:\/\/25informa.com\/web\/wp-json\/wp\/v2\/types\/post"}],"author":[{"embeddable":true,"href":"https:\/\/25informa.com\/web\/wp-json\/wp\/v2\/users\/2"}],"replies":[{"embeddable":true,"href":"https:\/\/25informa.com\/web\/wp-json\/wp\/v2\/comments?post=14914"}],"version-history":[{"count":0,"href":"https:\/\/25informa.com\/web\/wp-json\/wp\/v2\/posts\/14914\/revisions"}],"wp:featuredmedia":[{"embeddable":true,"href":"https:\/\/25informa.com\/web\/wp-json\/wp\/v2\/media\/14915"}],"wp:attachment":[{"href":"https:\/\/25informa.com\/web\/wp-json\/wp\/v2\/media?parent=14914"}],"wp:term":[{"taxonomy":"category","embeddable":true,"href":"https:\/\/25informa.com\/web\/wp-json\/wp\/v2\/categories?post=14914"},{"taxonomy":"post_tag","embeddable":true,"href":"https:\/\/25informa.com\/web\/wp-json\/wp\/v2\/tags?post=14914"}],"curies":[{"name":"wp","href":"https:\/\/api.w.org\/{rel}","templated":true}]}}