{"id":15695,"date":"2018-07-04T09:27:59","date_gmt":"2018-07-04T12:27:59","guid":{"rendered":"https:\/\/25informa.com\/?p=15695"},"modified":"2018-07-04T09:27:59","modified_gmt":"2018-07-04T12:27:59","slug":"nevo-en-general-acha","status":"publish","type":"post","link":"https:\/\/25informa.com\/web\/nevo-en-general-acha\/","title":{"rendered":"Nev\u00f3 en General Acha"},"content":{"rendered":"<p>La ola polar se hace sentir en territorio pampeano que registr\u00f3 una nevada m\u00e1s. En esta oportunidad, le toc\u00f3 a la localidad de General Acha.<!--more--><\/p>\n<div class=\"td-g-rec td-g-rec-id-content_inline td_uid_3_5b3cbabe40275_rand td_block_template_9 \">\n<p>Seg\u00fan inform\u00f3 el portal Noticias del Sur, nev\u00f3 durante la noche de este martes en esta ciudad atrayendo la atenci\u00f3n de vecinos que no sal\u00edan de su asombro y registraron el fen\u00f3meno a trav\u00e9s de filmaciones con tel\u00e9fonos celulares.<\/p>\n<p>\u201cNieve en Acha: este fen\u00f3meno clim\u00e1tico no se registra desde hace a\u00f1os en General Acha\u201d, indica el art\u00edculo del medio period\u00edstico. Y ampl\u00eda que la nieve sorprendi\u00f3 la noche y la ciudad se visti\u00f3 de blanco en el marco de una ola polar presente en la zona que durar\u00e1 por unos d\u00edas.<\/p>\n<p>FOTO: Noticias del Sur.<\/p>\n<\/div>\n","protected":false},"excerpt":{"rendered":"<p>La ola polar se hace sentir en territorio pampeano que registr\u00f3 una nevada m\u00e1s. En esta oportunidad, le toc\u00f3 a la localidad de General Acha. Seg\u00fan inform\u00f3 el portal Noticias del Sur, nev\u00f3 durante la noche de este martes en esta ciudad atrayendo la atenci\u00f3n de vecinos que no sal\u00edan de su asombro y registraron &hellip;<\/p>\n","protected":false},"author":2,"featured_media":15696,"comment_status":"open","ping_status":"open","sticky":false,"template":"","format":"standard","meta":{"_jetpack_memberships_contains_paid_content":false,"footnotes":"","jetpack_publicize_message":"","jetpack_publicize_feature_enabled":true,"jetpack_social_post_already_shared":false,"jetpack_social_options":{"image_generator_settings":{"template":"highway","default_image_id":0,"font":"","enabled":false},"version":2}},"categories":[5,8],"tags":[],"class_list":["post-15695","post","type-post","status-publish","format-standard","has-post-thumbnail","hentry","category-destacadas","category-provinciales"],"jetpack_publicize_connections":[],"jetpack_featured_media_url":"https:\/\/i0.wp.com\/25informa.com\/web\/wp-content\/uploads\/2018\/07\/Nieve-24aef2112-e1530706525754.jpg?fit=768%2C579&ssl=1","jetpack-related-posts":[],"jetpack_sharing_enabled":true,"jetpack_likes_enabled":true,"_links":{"self":[{"href":"https:\/\/25informa.com\/web\/wp-json\/wp\/v2\/posts\/15695","targetHints":{"allow":["GET"]}}],"collection":[{"href":"https:\/\/25informa.com\/web\/wp-json\/wp\/v2\/posts"}],"about":[{"href":"https:\/\/25informa.com\/web\/wp-json\/wp\/v2\/types\/post"}],"author":[{"embeddable":true,"href":"https:\/\/25informa.com\/web\/wp-json\/wp\/v2\/users\/2"}],"replies":[{"embeddable":true,"href":"https:\/\/25informa.com\/web\/wp-json\/wp\/v2\/comments?post=15695"}],"version-history":[{"count":0,"href":"https:\/\/25informa.com\/web\/wp-json\/wp\/v2\/posts\/15695\/revisions"}],"wp:featuredmedia":[{"embeddable":true,"href":"https:\/\/25informa.com\/web\/wp-json\/wp\/v2\/media\/15696"}],"wp:attachment":[{"href":"https:\/\/25informa.com\/web\/wp-json\/wp\/v2\/media?parent=15695"}],"wp:term":[{"taxonomy":"category","embeddable":true,"href":"https:\/\/25informa.com\/web\/wp-json\/wp\/v2\/categories?post=15695"},{"taxonomy":"post_tag","embeddable":true,"href":"https:\/\/25informa.com\/web\/wp-json\/wp\/v2\/tags?post=15695"}],"curies":[{"name":"wp","href":"https:\/\/api.w.org\/{rel}","templated":true}]}}