{"id":19156,"date":"2019-08-01T09:59:05","date_gmt":"2019-08-01T12:59:05","guid":{"rendered":"https:\/\/25informa.com\/?p=19156"},"modified":"2019-08-01T09:59:05","modified_gmt":"2019-08-01T12:59:05","slug":"en-fotos-la-isla-cevasco-la-unica-isla-habitada-de-la-pampa","status":"publish","type":"post","link":"https:\/\/25informa.com\/web\/en-fotos-la-isla-cevasco-la-unica-isla-habitada-de-la-pampa\/","title":{"rendered":"En fotos, la Isla Cevasco: la \u00fanica isla habitada de La Pampa"},"content":{"rendered":"<p>La<strong>\u00a0Isla Cevasco<\/strong>\u00a0-tambi\u00e9n conocida como\u00a0<strong>Isla Grande<\/strong>\u2013 podr\u00eda convertirse en un<strong>\u00a0nuevo punto tur\u00edstico<\/strong>\u00a0en la provincia. La isla, ubicada en el r\u00edo Colorado, enfrente de Gobernador Ayala, es<strong>\u00a0la \u00fanica de La Pampa que se encuentra habitada<\/strong>: all\u00ed vive\u00a0<strong>Isabel Cauquoz<\/strong>, de 85 a\u00f1os.<!--more--><br \/>\nLa isla tiene unas 1700 hect\u00e1reas.<strong>\u00a0Est\u00e1 rodeada por dos brazos del Colorado<\/strong>. El m\u00e1s chico, del lado de R\u00edo Negro. Por all\u00ed, desde el pueblo rionegrino de Valle Verde, se puede acceder luego de cruzar un peque\u00f1o puente de hierro.<br \/>\nEn el lugar reside desde hace cinco d\u00e9cadas Isabel, que en el patio mantiene una bandera de la provincia.\u00a0Hoy su hijo, Oscar Cevasco, y su nieto Mat\u00edas Cevasco se encargan de la producci\u00f3n de alfalfa y del proyecto tur\u00edstico.<br \/>\nEn las \u00faltimas horas, la isla fue visitada por el ministro de Desarrollo Territorial de la Provincia de La Pampa, Mart\u00edn Borthiry, y el intendente de 25 de Mayo, Abel Abelda\u00f1o.<br \/>\nEl ministro inform\u00f3 a la radio AM 900 que se har\u00e1 la \u00abpuesta en valor\u00bb de la isla. \u00abSe har\u00e1 todo lo que este al alcance de la Provincia para que todos los veinticinque\u00f1os y por ende los pampeanos tengan un punto tur\u00edstico mas\u00bb, dijo.<br \/>\n\u00abPrimeramente, se analizar\u00e1 el contexto del lugar y c\u00f3mo llegar. Tambi\u00e9n cu\u00e1les son los atractivos comerciales y tur\u00edsticos que puedan brindar los lugare\u00f1os al turista y en base a ello, se le dar\u00e1 una puesta en valor, lo que significa abrir caminos, la accesibilidad, los servicios, la posibilidad que la gente pueda ir y quedarse a conocer\u00bb.<br \/>\n<figure id=\"attachment_19157\" aria-describedby=\"caption-attachment-19157\" style=\"width: 960px\" class=\"wp-caption aligncenter\"><img data-recalc-dims=\"1\" loading=\"lazy\" decoding=\"async\" class=\"size-full wp-image-19157\" title=\"islacevasco2019 9\" src=\"https:\/\/i0.wp.com\/25informa.com\/web\/wp-content\/uploads\/2019\/08\/islacevasco2019-9.jpg?resize=960%2C635&#038;ssl=1\" alt=\"islacevasco2019 9\" width=\"960\" height=\"635\" srcset=\"https:\/\/i0.wp.com\/25informa.com\/web\/wp-content\/uploads\/2019\/08\/islacevasco2019-9.jpg?w=960&amp;ssl=1 960w, https:\/\/i0.wp.com\/25informa.com\/web\/wp-content\/uploads\/2019\/08\/islacevasco2019-9.jpg?resize=300%2C198&amp;ssl=1 300w, https:\/\/i0.wp.com\/25informa.com\/web\/wp-content\/uploads\/2019\/08\/islacevasco2019-9.jpg?resize=768%2C508&amp;ssl=1 768w, https:\/\/i0.wp.com\/25informa.com\/web\/wp-content\/uploads\/2019\/08\/islacevasco2019-9.jpg?resize=320%2C212&amp;ssl=1 320w, https:\/\/i0.wp.com\/25informa.com\/web\/wp-content\/uploads\/2019\/08\/islacevasco2019-9.jpg?resize=640%2C423&amp;ssl=1 640w, https:\/\/i0.wp.com\/25informa.com\/web\/wp-content\/uploads\/2019\/08\/islacevasco2019-9.jpg?resize=360%2C238&amp;ssl=1 360w, https:\/\/i0.wp.com\/25informa.com\/web\/wp-content\/uploads\/2019\/08\/islacevasco2019-9.jpg?resize=720%2C476&amp;ssl=1 720w, https:\/\/i0.wp.com\/25informa.com\/web\/wp-content\/uploads\/2019\/08\/islacevasco2019-9.jpg?resize=800%2C529&amp;ssl=1 800w\" sizes=\"auto, (max-width: 960px) 100vw, 960px\" \/><figcaption id=\"caption-attachment-19157\" class=\"wp-caption-text\">islacevasco2019 9<\/figcaption><\/figure>\n(fotos Luis Oga)<\/p>\n","protected":false},"excerpt":{"rendered":"<p>La\u00a0Isla Cevasco\u00a0-tambi\u00e9n conocida como\u00a0Isla Grande\u2013 podr\u00eda convertirse en un\u00a0nuevo punto tur\u00edstico\u00a0en la provincia. La isla, ubicada en el r\u00edo Colorado, enfrente de Gobernador Ayala, es\u00a0la \u00fanica de La Pampa que se encuentra habitada: all\u00ed vive\u00a0Isabel Cauquoz, de 85 a\u00f1os. La isla tiene unas 1700 hect\u00e1reas.\u00a0Est\u00e1 rodeada por dos brazos del Colorado. El m\u00e1s chico, del &hellip;<\/p>\n","protected":false},"author":2,"featured_media":19158,"comment_status":"open","ping_status":"open","sticky":false,"template":"","format":"standard","meta":{"_jetpack_memberships_contains_paid_content":false,"footnotes":"","jetpack_publicize_message":"","jetpack_publicize_feature_enabled":true,"jetpack_social_post_already_shared":true,"jetpack_social_options":{"image_generator_settings":{"template":"highway","default_image_id":0,"font":"","enabled":false},"version":2}},"categories":[5,6],"tags":[],"class_list":["post-19156","post","type-post","status-publish","format-standard","has-post-thumbnail","hentry","category-destacadas","category-locales"],"jetpack_publicize_connections":[],"jetpack_featured_media_url":"https:\/\/i0.wp.com\/25informa.com\/web\/wp-content\/uploads\/2019\/08\/islacevasco2019-1.jpg?fit=952%2C619&ssl=1","jetpack-related-posts":[],"jetpack_sharing_enabled":true,"jetpack_likes_enabled":true,"_links":{"self":[{"href":"https:\/\/25informa.com\/web\/wp-json\/wp\/v2\/posts\/19156","targetHints":{"allow":["GET"]}}],"collection":[{"href":"https:\/\/25informa.com\/web\/wp-json\/wp\/v2\/posts"}],"about":[{"href":"https:\/\/25informa.com\/web\/wp-json\/wp\/v2\/types\/post"}],"author":[{"embeddable":true,"href":"https:\/\/25informa.com\/web\/wp-json\/wp\/v2\/users\/2"}],"replies":[{"embeddable":true,"href":"https:\/\/25informa.com\/web\/wp-json\/wp\/v2\/comments?post=19156"}],"version-history":[{"count":0,"href":"https:\/\/25informa.com\/web\/wp-json\/wp\/v2\/posts\/19156\/revisions"}],"wp:featuredmedia":[{"embeddable":true,"href":"https:\/\/25informa.com\/web\/wp-json\/wp\/v2\/media\/19158"}],"wp:attachment":[{"href":"https:\/\/25informa.com\/web\/wp-json\/wp\/v2\/media?parent=19156"}],"wp:term":[{"taxonomy":"category","embeddable":true,"href":"https:\/\/25informa.com\/web\/wp-json\/wp\/v2\/categories?post=19156"},{"taxonomy":"post_tag","embeddable":true,"href":"https:\/\/25informa.com\/web\/wp-json\/wp\/v2\/tags?post=19156"}],"curies":[{"name":"wp","href":"https:\/\/api.w.org\/{rel}","templated":true}]}}