{"id":22079,"date":"2020-09-02T09:15:05","date_gmt":"2020-09-02T12:15:05","guid":{"rendered":"https:\/\/25informa.com\/?p=22079"},"modified":"2020-09-02T09:15:05","modified_gmt":"2020-09-02T12:15:05","slug":"la-pampa-pide-continuar-con-las-reuniones-familiares","status":"publish","type":"post","link":"https:\/\/25informa.com\/web\/la-pampa-pide-continuar-con-las-reuniones-familiares\/","title":{"rendered":"La Pampa pide continuar con las reuniones familiares"},"content":{"rendered":"<p>El Gobierno provincial gestionar\u00e1 la habilitaci\u00f3n, debido a que el DNU del Gobierno nacional deja sin efecto el permiso en lugares cerrados.<!--more--><br \/>\n<strong>El Comit\u00e9 de Crisis definir\u00e1 qu\u00e9 har\u00e1 con los encuentros al aire libre<\/strong>.<br \/>\nLos encuentros familiares estaban habilitados en territorio pampeano desde el pasado 21 de agosto a trav\u00e9s de la Decisi\u00f3n Administrativa N\u00b01549\/2020 emitida por el Jefe de Gabinete, Santiago Cafiero, limitados a los d\u00edas s\u00e1bados, domingos y feriados.<br \/>\n\u00abEl \u00faltimo Decreto de Necesidad y Urgencia Nacional dej\u00f3 sin efecto todas las excepciones dictadas con anterioridad en las que se autorizaban las &#8216;realizaci\u00f3n de eventos o reuniones familiares o sociales en espacios cerrados'\u00bb, detallaron desde Casa de Gobierno en un comunicado oficial.<br \/>\n\u00abLa decisi\u00f3n de renovar los permisos se funda en el estatus sanitario que presenta la provincia de La Pampa a la fecha y en la necesidad de habilitar \u00e1mbitos de fortalecimiento de los v\u00ednculos familiares\u00bb, indicaron.<br \/>\nInsistieron que como las dem\u00e1s medidas de excepci\u00f3n adoptadas, ser\u00e1n monitoreadas \u00aben forma permanente por el equipo de Epidemiolog\u00eda de Salud y en caso de registrarse variaciones negativas en la situaci\u00f3n sanitaria ser\u00e1 el Comit\u00e9 de Crisis el que eval\u00fae la continuidad o no de las autorizaciones\u00bb.<br \/>\nTambi\u00e9n adelantaron que, seg\u00fan la respuesta que d\u00e9 el Gobierno nacional, en los pr\u00f3ximos d\u00edas se convocar\u00e1 al Comit\u00e9 de Crisis de La Pampa para analizar su complementaci\u00f3n con los encuentros sociales habilitados.<br \/>\n<strong>Nuevo decreto<\/strong><br \/>\nEste lunes, a\u00a0trav\u00e9s del Decreto 714\/2020 publicado en el Bolet\u00edn Oficial, el Gobierno Nacional oficializ\u00f3 la extensi\u00f3n del aislamiento social, preventivo y obligatorio hasta el 20 de septiembre.\u00a0<strong>Como anticip\u00f3 el presidente Alberto Fern\u00e1ndez, la medida habilita las reuniones sociales de hasta diez personas al aire libre<\/strong>.<br \/>\nEl texto del decreto aclara que las reuniones sociales deber\u00e1n cumplir\u00a0<strong>\u00ablos protocolos de actividades y a las recomendaciones e instrucciones de las autoridades sanitarias provinciales\u00bb<\/strong>.<br \/>\nEn tanto, se\u00f1ala que para tal fin no podr\u00e1 utilizarse el servicio p\u00fablico de pasajeros de colectivos, trenes o subtes. La habilitaci\u00f3n deja a criterio de cada jurisdicci\u00f3n c\u00f3mo se van a implementar los encuentros.<br \/>\nEn el caso de la Ciudad de Buenos Aires, el vicejefe de Gobierno Diego Santilli detall\u00f3 en declaraciones a Radio 10 que los porte\u00f1os no podr\u00e1n reunirse en patios ni terrazas.<br \/>\n\u00abSolo parques y plazas\u00bb, aclar\u00f3 el funcionario porte\u00f1o al tiempo que remarc\u00f3 que en el espacio abierto la posibilidad de contagio \u00abno es cero, pero no es la que ten\u00e9s en un lugar cerrado\u00bb.<br \/>\nPor otra parte, el mismo decreto autoriza el acompa\u00f1amiento a pacientes internados, \u201cen sus \u00faltimos d\u00edas de vida\u201d. \u00abEn tales casos, las normas provinciales y de la Ciudad Aut\u00f3noma de Buenos Aires deber\u00e1n prever la aplicaci\u00f3n de un estricto protocolo de acompa\u00f1amiento de pacientes que resguarde la salud del o de la acompa\u00f1ante que cumpla con las recomendaciones e instrucciones del Ministerio de Salud\u00bb, consigna la medida.<\/p>\n","protected":false},"excerpt":{"rendered":"<p>El Gobierno provincial gestionar\u00e1 la habilitaci\u00f3n, debido a que el DNU del Gobierno nacional deja sin efecto el permiso en lugares cerrados. El Comit\u00e9 de Crisis definir\u00e1 qu\u00e9 har\u00e1 con los encuentros al aire libre. Los encuentros familiares estaban habilitados en territorio pampeano desde el pasado 21 de agosto a trav\u00e9s de la Decisi\u00f3n Administrativa &hellip;<\/p>\n","protected":false},"author":2,"featured_media":22080,"comment_status":"open","ping_status":"open","sticky":false,"template":"","format":"standard","meta":{"_jetpack_memberships_contains_paid_content":false,"footnotes":"","jetpack_publicize_message":"","jetpack_publicize_feature_enabled":true,"jetpack_social_post_already_shared":false,"jetpack_social_options":{"image_generator_settings":{"template":"highway","default_image_id":0,"font":"","enabled":false},"version":2}},"categories":[5,8],"tags":[],"class_list":["post-22079","post","type-post","status-publish","format-standard","has-post-thumbnail","hentry","category-destacadas","category-provinciales"],"jetpack_publicize_connections":[],"jetpack_featured_media_url":"https:\/\/i0.wp.com\/25informa.com\/web\/wp-content\/uploads\/2020\/09\/otra.jpg?fit=700%2C487&ssl=1","jetpack-related-posts":[],"jetpack_sharing_enabled":true,"jetpack_likes_enabled":true,"_links":{"self":[{"href":"https:\/\/25informa.com\/web\/wp-json\/wp\/v2\/posts\/22079","targetHints":{"allow":["GET"]}}],"collection":[{"href":"https:\/\/25informa.com\/web\/wp-json\/wp\/v2\/posts"}],"about":[{"href":"https:\/\/25informa.com\/web\/wp-json\/wp\/v2\/types\/post"}],"author":[{"embeddable":true,"href":"https:\/\/25informa.com\/web\/wp-json\/wp\/v2\/users\/2"}],"replies":[{"embeddable":true,"href":"https:\/\/25informa.com\/web\/wp-json\/wp\/v2\/comments?post=22079"}],"version-history":[{"count":0,"href":"https:\/\/25informa.com\/web\/wp-json\/wp\/v2\/posts\/22079\/revisions"}],"wp:featuredmedia":[{"embeddable":true,"href":"https:\/\/25informa.com\/web\/wp-json\/wp\/v2\/media\/22080"}],"wp:attachment":[{"href":"https:\/\/25informa.com\/web\/wp-json\/wp\/v2\/media?parent=22079"}],"wp:term":[{"taxonomy":"category","embeddable":true,"href":"https:\/\/25informa.com\/web\/wp-json\/wp\/v2\/categories?post=22079"},{"taxonomy":"post_tag","embeddable":true,"href":"https:\/\/25informa.com\/web\/wp-json\/wp\/v2\/tags?post=22079"}],"curies":[{"name":"wp","href":"https:\/\/api.w.org\/{rel}","templated":true}]}}