{"id":22408,"date":"2020-10-04T16:15:28","date_gmt":"2020-10-04T19:15:28","guid":{"rendered":"https:\/\/25informa.com\/?p=22408"},"modified":"2020-10-04T16:15:28","modified_gmt":"2020-10-04T19:15:28","slug":"25-de-mayo-continuara-en-fase-2-hasta-que-bajen-los-contagios","status":"publish","type":"post","link":"https:\/\/25informa.com\/web\/25-de-mayo-continuara-en-fase-2-hasta-que-bajen-los-contagios\/","title":{"rendered":"25 de Mayo continuar\u00e1 en Fase 2 hasta que bajen los contagios"},"content":{"rendered":"<p>As\u00ed lo explicaron las autoridades de Salud P\u00fablica de la Provincia a las autoridades locales.<!--more--><br \/>\nDado que desde que aparecieron casos confirmados de coronavirus en la localidad, se ha mantenido un promedio aproximado a una docena de casos por semana, con altos y bajos.<br \/>\nA eso se suman al menos 3 casos de consideraci\u00f3n que han debido ser internados en el Centro Emergente de Asistencia Respiratoria (CEAR) lo que indica no solo la continuidad de casos, sino que se empiezan a ver otros que revisten especial atenci\u00f3n con s\u00edntomas severos, y esto podr\u00eda profundizarse a\u00fan.<br \/>\nDesde Salud P\u00fablica indicaron que la \u201cFase 2\u201d le permite a la ciudadan\u00eda veinticinque\u00f1a mantener el nivel de actividad econ\u00f3mica de manera normal, a\u00fan cuando los trabajadores que salen a yacimientos dentro y fuera de la provincia, y a\u00fan cuando las tareas laborales no sean de ese rubro, deban volver a aislamiento.<br \/>\nSe\u00f1alan que se busca no afectar el ingreso econ\u00f3mico de los trabajadores, pero que se hace necesario tomar medidas preventivas para mantener el control que se ha logrado hasta ahora, con un status sanitario sin circulaci\u00f3n del virus, pero con posibilidades de un estallido de casos si no colabora la poblaci\u00f3n tomando conciencia del riesgo potencial que acecha.<br \/>\nEn tanto desde el Comit\u00e9 de Crisis Local, no bajan la guardia a la hora de realizar los controles, pues se teme volver a \u201cFase 1\u201d, que implica cierre de comercios con excepci\u00f3n de la venta de alimentos, restricci\u00f3n de la mayor\u00eda de las actividades laborales, sobre todo las de la econom\u00eda informal; imposibilidad de caminatas saludables, prohibici\u00f3n de circulaci\u00f3n apenas comienza la noche, salidas debidamente justificadas con regreso inmediato a domicilio, imposibilidad de realizar tr\u00e1mites etc.<br \/>\n&#x25aa;\ufe0e\u201cEs importante que cuidemos lo que tenemos. Hacer todo el esfuerzo necesario para no volver a fase 1\u201d comentaron en la \u00faltima reuni\u00f3n del Comit\u00e9.-<br \/>\n(FOTO DE ARCHIVO).<\/p>\n","protected":false},"excerpt":{"rendered":"<p>As\u00ed lo explicaron las autoridades de Salud P\u00fablica de la Provincia a las autoridades locales. Dado que desde que aparecieron casos confirmados de coronavirus en la localidad, se ha mantenido un promedio aproximado a una docena de casos por semana, con altos y bajos. A eso se suman al menos 3 casos de consideraci\u00f3n que &hellip;<\/p>\n","protected":false},"author":2,"featured_media":22086,"comment_status":"open","ping_status":"open","sticky":false,"template":"","format":"standard","meta":{"_jetpack_memberships_contains_paid_content":false,"footnotes":"","jetpack_publicize_message":"","jetpack_publicize_feature_enabled":true,"jetpack_social_post_already_shared":false,"jetpack_social_options":{"image_generator_settings":{"template":"highway","default_image_id":0,"font":"","enabled":false},"version":2}},"categories":[5,6],"tags":[],"class_list":["post-22408","post","type-post","status-publish","format-standard","has-post-thumbnail","hentry","category-destacadas","category-locales"],"jetpack_publicize_connections":[],"jetpack_featured_media_url":"https:\/\/i0.wp.com\/25informa.com\/web\/wp-content\/uploads\/2020\/09\/25-ingreso-4.jpg?fit=712%2C383&ssl=1","jetpack-related-posts":[],"jetpack_sharing_enabled":true,"jetpack_likes_enabled":true,"_links":{"self":[{"href":"https:\/\/25informa.com\/web\/wp-json\/wp\/v2\/posts\/22408","targetHints":{"allow":["GET"]}}],"collection":[{"href":"https:\/\/25informa.com\/web\/wp-json\/wp\/v2\/posts"}],"about":[{"href":"https:\/\/25informa.com\/web\/wp-json\/wp\/v2\/types\/post"}],"author":[{"embeddable":true,"href":"https:\/\/25informa.com\/web\/wp-json\/wp\/v2\/users\/2"}],"replies":[{"embeddable":true,"href":"https:\/\/25informa.com\/web\/wp-json\/wp\/v2\/comments?post=22408"}],"version-history":[{"count":0,"href":"https:\/\/25informa.com\/web\/wp-json\/wp\/v2\/posts\/22408\/revisions"}],"wp:featuredmedia":[{"embeddable":true,"href":"https:\/\/25informa.com\/web\/wp-json\/wp\/v2\/media\/22086"}],"wp:attachment":[{"href":"https:\/\/25informa.com\/web\/wp-json\/wp\/v2\/media?parent=22408"}],"wp:term":[{"taxonomy":"category","embeddable":true,"href":"https:\/\/25informa.com\/web\/wp-json\/wp\/v2\/categories?post=22408"},{"taxonomy":"post_tag","embeddable":true,"href":"https:\/\/25informa.com\/web\/wp-json\/wp\/v2\/tags?post=22408"}],"curies":[{"name":"wp","href":"https:\/\/api.w.org\/{rel}","templated":true}]}}