{"id":22856,"date":"2020-11-11T07:16:27","date_gmt":"2020-11-11T10:16:27","guid":{"rendered":"https:\/\/25informa.com\/?p=22856"},"modified":"2020-11-11T07:16:27","modified_gmt":"2020-11-11T10:16:27","slug":"san-luis-autoriza-el-ingreso-sin-cuarentena","status":"publish","type":"post","link":"https:\/\/25informa.com\/web\/san-luis-autoriza-el-ingreso-sin-cuarentena\/","title":{"rendered":"San Luis autoriza el ingreso sin cuarentena"},"content":{"rendered":"<p>El Comit\u00e9 de Crisis de San Luis determin\u00f3 hoy que dos ciudades y tres localidad permanecer\u00e1n en \u201cresguardo responsable\u201d.<strong>\u00a0Pedir\u00e1 el PCR para el ingresoa la provincia.<\/strong><!--more--><br \/>\nAdem\u00e1s\u00a0se ampli\u00f3 el horario de circulaci\u00f3n de 6 a 23 y\u00a0<strong>que se podr\u00e1 ingresar a la provincia sin necesidad de hacer cuarentena, tras las novedades decretadas por el Gobierno nacional, informaron hoy fuentes oficiales.<\/strong><br \/>\nLa Pampa y San Luis firmaron el 3 de junio de 2020 un acuerdo de libre circulaci\u00f3n en el marco del Tratado del Cald\u00e9n que tienen ambas provincias. Pero no entr\u00f3 en vigencia por los casos que empezaron a registrarse en ambas provincias.<br \/>\nDurante el informe emitido sobre la medianoche, el gobernador Alberto Rodriguez Sa\u00e1, comunic\u00f3 que la ciudad capital de San Luis, junto a Villa Mercedes y las localidades de Potrero de los Funes, El Volc\u00e1n y Lavaisse, permanecer\u00e1n en \u201cresguardo responsable\u201d y que se podr\u00e1 circular en todo el territorio provincial de 6 a 23.<br \/>\nEl requisito para circular en estas localidades, contin\u00faa siendo la terminaci\u00f3n de DNI, mientras que los trabajadores esenciales deber\u00e1n contar con las autorizaciones correspondientes para desarrollar su tarea.<br \/>\nAsimismo, se estableci\u00f3 que en el resto de la provincia, que se encuentra en etapa de \u201cdistanciamiento f\u00edsico\u201d, por lo que la terminaci\u00f3n de DNI ya no es una restricci\u00f3n para circular, y se modificaron los requisitos de ingreso a la provincia que podr\u00e1 concretarse con la presentaci\u00f3n de un PCR negativo y sin necesidad de realizar cuarentena.<br \/>\nAs\u00ed lo anunci\u00f3 la presidenta del Comit\u00e9 de Crisis, Mar\u00eda Jos\u00e9 Zangl\u00e1, quien adelant\u00f3 que el nuevo ingreso a la provincia, que regir\u00e1 a partir de esta semana, incluye un protocolo que exigir\u00e1 una prueba de PCR con resultado negativo realizada 48 horas antes, aunque ya no habr\u00e1 necesidad de realizar la cuarentena obligatoria.<br \/>\nEn todos los casos, las autorizaciones se deben gestionar a trav\u00e9s de la p\u00e1gina https:\/\/www.sanluis.gov.ar\/coronavirus\/protocolos\/ en el bot\u00f3n de protocolo de ingreso y egreso a la provincia.<br \/>\n\u201cEsta es una buena noticia para los productores rurales y camioneros, tambi\u00e9n para quienes poseen casa de veraneo en la provincia, quienes podr\u00e1n venir a visitar y atender sus propiedades\u201d, se\u00f1al\u00f3 el Gobernador.<br \/>\nPor su parte, el Ministro de Seguridad, Luciano Anastasi, se refiri\u00f3 a las reuniones sociales con gran participaci\u00f3n de personas en las localidades de Merlo, Naschel, Tilisarao, que ocurrieron este \u00faltimo fin de semana en esta capital, y adelant\u00f3 que \u201cse han iniciado las imputaciones penales\u201d para sancionar estas conductas.<br \/>\nLa provincia super\u00f3 los 12 mil contagios y las 200 muertes, seg\u00fan el reporte provincial, al tiempo que se adelant\u00f3 que en los \u00faltimos d\u00edas los \u00edndices registraron \u201cun leve aplanamiento de la curva de contagios\u201d.<\/p>\n","protected":false},"excerpt":{"rendered":"<p>El Comit\u00e9 de Crisis de San Luis determin\u00f3 hoy que dos ciudades y tres localidad permanecer\u00e1n en \u201cresguardo responsable\u201d.\u00a0Pedir\u00e1 el PCR para el ingresoa la provincia. Adem\u00e1s\u00a0se ampli\u00f3 el horario de circulaci\u00f3n de 6 a 23 y\u00a0que se podr\u00e1 ingresar a la provincia sin necesidad de hacer cuarentena, tras las novedades decretadas por el Gobierno &hellip;<\/p>\n","protected":false},"author":2,"featured_media":22857,"comment_status":"open","ping_status":"open","sticky":false,"template":"","format":"standard","meta":{"_jetpack_memberships_contains_paid_content":false,"footnotes":"","jetpack_publicize_message":"","jetpack_publicize_feature_enabled":true,"jetpack_social_post_already_shared":false,"jetpack_social_options":{"image_generator_settings":{"template":"highway","default_image_id":0,"font":"","enabled":false},"version":2}},"categories":[5,7],"tags":[],"class_list":["post-22856","post","type-post","status-publish","format-standard","has-post-thumbnail","hentry","category-destacadas","category-nacionales"],"jetpack_publicize_connections":[],"jetpack_featured_media_url":"https:\/\/i0.wp.com\/25informa.com\/web\/wp-content\/uploads\/2020\/11\/alberto-rodriguez-saa-3.jpg?fit=1000%2C666&ssl=1","jetpack-related-posts":[],"jetpack_sharing_enabled":true,"jetpack_likes_enabled":true,"_links":{"self":[{"href":"https:\/\/25informa.com\/web\/wp-json\/wp\/v2\/posts\/22856","targetHints":{"allow":["GET"]}}],"collection":[{"href":"https:\/\/25informa.com\/web\/wp-json\/wp\/v2\/posts"}],"about":[{"href":"https:\/\/25informa.com\/web\/wp-json\/wp\/v2\/types\/post"}],"author":[{"embeddable":true,"href":"https:\/\/25informa.com\/web\/wp-json\/wp\/v2\/users\/2"}],"replies":[{"embeddable":true,"href":"https:\/\/25informa.com\/web\/wp-json\/wp\/v2\/comments?post=22856"}],"version-history":[{"count":0,"href":"https:\/\/25informa.com\/web\/wp-json\/wp\/v2\/posts\/22856\/revisions"}],"wp:featuredmedia":[{"embeddable":true,"href":"https:\/\/25informa.com\/web\/wp-json\/wp\/v2\/media\/22857"}],"wp:attachment":[{"href":"https:\/\/25informa.com\/web\/wp-json\/wp\/v2\/media?parent=22856"}],"wp:term":[{"taxonomy":"category","embeddable":true,"href":"https:\/\/25informa.com\/web\/wp-json\/wp\/v2\/categories?post=22856"},{"taxonomy":"post_tag","embeddable":true,"href":"https:\/\/25informa.com\/web\/wp-json\/wp\/v2\/tags?post=22856"}],"curies":[{"name":"wp","href":"https:\/\/api.w.org\/{rel}","templated":true}]}}