{"id":23319,"date":"2021-01-06T22:25:42","date_gmt":"2021-01-07T01:25:42","guid":{"rendered":"https:\/\/25informa.com\/?p=23319"},"modified":"2021-01-06T22:25:42","modified_gmt":"2021-01-07T01:25:42","slug":"alarma-por-crecida-en-el-rio-colorado","status":"publish","type":"post","link":"https:\/\/25informa.com\/web\/alarma-por-crecida-en-el-rio-colorado\/","title":{"rendered":"Alarma por crecida en el r\u00edo Colorado"},"content":{"rendered":"<p>Aconsejan\u00a0<strong>no permanecer en la costa ribere\u00f1a en 25 de Mayo<\/strong>.<!--more--><\/p>\n<p>La Secretar\u00eda de Recursos H\u00eddricos comunic\u00f3 que, luego de las grandes crecidas en el Rio Colorado, producidas por las lluvias registradas en las \u00faltimas horas en la localidad neuquina de Barrancas, se produjo un pico de incremento en el caudal, situaci\u00f3n que est\u00e1 siendo monitoreada por el Comit\u00e9 Interjurisdiccional del R\u00edo Colorado (COIRCO).<\/p>\n<p>Este mi\u00e9rcoles, la Estaci\u00f3n Hidrometeorol\u00f3gica \u00abButa Ranquil\u00bb marc\u00f3 a las 9 un registro instant\u00e1neo de 179 m3\/s; mientras que el promedio de cuatro registros del d\u00eda martes fue de 275 m3\/s.<\/p>\n<p>Esto ha llevado a que la Cota del Embalse Casa de Piedra llegue a 273.09 msnm.<\/p>\n<p>Ante la alarma activada por la crecida del r\u00edo Colorado, el Ente Provincial del R\u00edo Colorado activ\u00f3 las compuertas de ingreso al canal matriz y aconsej\u00f3 no permanecer sobre las l\u00edneas de m\u00e1xima y m\u00ednima inundabilidad, es decir, sobre el territorio que abarca la costa ribere\u00f1a de 25 de Mayo. Esto para evitar cualquier da\u00f1o que pudieran llegar a sufrir los bienes o pertenencias de quienes ocupen esa zona.<\/p>\n<p>La crecida est\u00e1 atenuada y llegando a Casa de Piedra desde este mi\u00e9rcoles.<\/p>\n","protected":false},"excerpt":{"rendered":"<p>Aconsejan\u00a0no permanecer en la costa ribere\u00f1a en 25 de Mayo. La Secretar\u00eda de Recursos H\u00eddricos comunic\u00f3 que, luego de las grandes crecidas en el Rio Colorado, producidas por las lluvias registradas en las \u00faltimas horas en la localidad neuquina de Barrancas, se produjo un pico de incremento en el caudal, situaci\u00f3n que est\u00e1 siendo monitoreada &hellip;<\/p>\n","protected":false},"author":2,"featured_media":23320,"comment_status":"open","ping_status":"open","sticky":false,"template":"","format":"standard","meta":{"_jetpack_memberships_contains_paid_content":false,"footnotes":"","jetpack_publicize_message":"","jetpack_publicize_feature_enabled":true,"jetpack_social_post_already_shared":false,"jetpack_social_options":{"image_generator_settings":{"template":"highway","default_image_id":0,"font":"","enabled":false},"version":2}},"categories":[5,8],"tags":[],"class_list":["post-23319","post","type-post","status-publish","format-standard","has-post-thumbnail","hentry","category-destacadas","category-provinciales"],"jetpack_publicize_connections":[],"jetpack_featured_media_url":"https:\/\/i0.wp.com\/25informa.com\/web\/wp-content\/uploads\/2021\/01\/rio-colorado.jpg?fit=1000%2C563&ssl=1","jetpack-related-posts":[],"jetpack_sharing_enabled":true,"jetpack_likes_enabled":true,"_links":{"self":[{"href":"https:\/\/25informa.com\/web\/wp-json\/wp\/v2\/posts\/23319","targetHints":{"allow":["GET"]}}],"collection":[{"href":"https:\/\/25informa.com\/web\/wp-json\/wp\/v2\/posts"}],"about":[{"href":"https:\/\/25informa.com\/web\/wp-json\/wp\/v2\/types\/post"}],"author":[{"embeddable":true,"href":"https:\/\/25informa.com\/web\/wp-json\/wp\/v2\/users\/2"}],"replies":[{"embeddable":true,"href":"https:\/\/25informa.com\/web\/wp-json\/wp\/v2\/comments?post=23319"}],"version-history":[{"count":0,"href":"https:\/\/25informa.com\/web\/wp-json\/wp\/v2\/posts\/23319\/revisions"}],"wp:featuredmedia":[{"embeddable":true,"href":"https:\/\/25informa.com\/web\/wp-json\/wp\/v2\/media\/23320"}],"wp:attachment":[{"href":"https:\/\/25informa.com\/web\/wp-json\/wp\/v2\/media?parent=23319"}],"wp:term":[{"taxonomy":"category","embeddable":true,"href":"https:\/\/25informa.com\/web\/wp-json\/wp\/v2\/categories?post=23319"},{"taxonomy":"post_tag","embeddable":true,"href":"https:\/\/25informa.com\/web\/wp-json\/wp\/v2\/tags?post=23319"}],"curies":[{"name":"wp","href":"https:\/\/api.w.org\/{rel}","templated":true}]}}