{"id":26381,"date":"2021-09-30T09:00:25","date_gmt":"2021-09-30T12:00:25","guid":{"rendered":"https:\/\/25informa.com\/?p=26381"},"modified":"2021-09-30T09:00:25","modified_gmt":"2021-09-30T12:00:25","slug":"el-gobierno-de-la-pampa-deposita-sueldos-con-el-7-de-aumento","status":"publish","type":"post","link":"https:\/\/25informa.com\/web\/el-gobierno-de-la-pampa-deposita-sueldos-con-el-7-de-aumento\/","title":{"rendered":"El Gobierno de La Pampa deposita sueldos con el 7% de aumento"},"content":{"rendered":"<p class=\"lead nota-detalle-bajada\">Se trata de los haberes correspondientes a la liquidaci\u00f3n general del mes de septiembre de 2021.<!--more--><\/p>\n<div class=\"nota-detalle-cuerpo\">Contadur\u00eda General de la Provincia informa que el d\u00eda 30 de septiembre de 2021, estar\u00e1n acreditados en las respectivas cajas de ahorro los haberes correspondientes a liquidaci\u00f3n general del mes de septiembre de 2021, los mismo incluyen un aumento del 7% otorgado por el Poder Ejecutivo Provincial, en el marco del acuerdo logrado en las respectivas paritarias generales.<\/div>\n","protected":false},"excerpt":{"rendered":"<p>Se trata de los haberes correspondientes a la liquidaci\u00f3n general del mes de septiembre de 2021. Contadur\u00eda General de la Provincia informa que el d\u00eda 30 de septiembre de 2021, estar\u00e1n acreditados en las respectivas cajas de ahorro los haberes correspondientes a liquidaci\u00f3n general del mes de septiembre de 2021, los mismo incluyen un aumento &hellip;<\/p>\n","protected":false},"author":2,"featured_media":24143,"comment_status":"open","ping_status":"open","sticky":false,"template":"","format":"standard","meta":{"_jetpack_memberships_contains_paid_content":false,"footnotes":"","jetpack_publicize_message":"","jetpack_publicize_feature_enabled":true,"jetpack_social_post_already_shared":false,"jetpack_social_options":{"image_generator_settings":{"template":"highway","default_image_id":0,"font":"","enabled":false},"version":2}},"categories":[5,8],"tags":[],"class_list":["post-26381","post","type-post","status-publish","format-standard","has-post-thumbnail","hentry","category-destacadas","category-provinciales"],"jetpack_publicize_connections":[],"jetpack_featured_media_url":"https:\/\/i0.wp.com\/25informa.com\/web\/wp-content\/uploads\/2021\/03\/208212_cajero-sueldos4c2e45dc.jpg?fit=900%2C507&ssl=1","jetpack-related-posts":[],"jetpack_sharing_enabled":true,"jetpack_likes_enabled":true,"_links":{"self":[{"href":"https:\/\/25informa.com\/web\/wp-json\/wp\/v2\/posts\/26381","targetHints":{"allow":["GET"]}}],"collection":[{"href":"https:\/\/25informa.com\/web\/wp-json\/wp\/v2\/posts"}],"about":[{"href":"https:\/\/25informa.com\/web\/wp-json\/wp\/v2\/types\/post"}],"author":[{"embeddable":true,"href":"https:\/\/25informa.com\/web\/wp-json\/wp\/v2\/users\/2"}],"replies":[{"embeddable":true,"href":"https:\/\/25informa.com\/web\/wp-json\/wp\/v2\/comments?post=26381"}],"version-history":[{"count":0,"href":"https:\/\/25informa.com\/web\/wp-json\/wp\/v2\/posts\/26381\/revisions"}],"wp:featuredmedia":[{"embeddable":true,"href":"https:\/\/25informa.com\/web\/wp-json\/wp\/v2\/media\/24143"}],"wp:attachment":[{"href":"https:\/\/25informa.com\/web\/wp-json\/wp\/v2\/media?parent=26381"}],"wp:term":[{"taxonomy":"category","embeddable":true,"href":"https:\/\/25informa.com\/web\/wp-json\/wp\/v2\/categories?post=26381"},{"taxonomy":"post_tag","embeddable":true,"href":"https:\/\/25informa.com\/web\/wp-json\/wp\/v2\/tags?post=26381"}],"curies":[{"name":"wp","href":"https:\/\/api.w.org\/{rel}","templated":true}]}}