{"id":26993,"date":"2021-11-26T09:54:50","date_gmt":"2021-11-26T12:54:50","guid":{"rendered":"https:\/\/25informa.com\/?p=26993"},"modified":"2021-11-26T09:54:50","modified_gmt":"2021-11-26T12:54:50","slug":"catriel-nina-hizo-dedo-un-camionero-la-llevo-y-la-violo-en-el-camino-esta-detenido","status":"publish","type":"post","link":"https:\/\/25informa.com\/web\/catriel-nina-hizo-dedo-un-camionero-la-llevo-y-la-violo-en-el-camino-esta-detenido\/","title":{"rendered":"Catriel: Ni\u00f1a hizo \u201cdedo\u201d, un camionero la llev\u00f3 y la viol\u00f3 en el camino. Est\u00e1 detenido"},"content":{"rendered":"<p>Una menor de Catriel se ausent\u00f3 de su domicilio este fin de semana largo y al salir a la ruta para irse de la ciudad, un camionero se ofreci\u00f3 para llevarla hacia la zona del valle. Seg\u00fan se supo de fuentes confiables, el hombre le habr\u00eda dado una sustancia para drogar a la joven, aprovechando el estado de inconciencia de la ni\u00f1a, la abus\u00f3 sexualmente. Tras un intenso trabajo policial se identific\u00f3 al acusado, y los efectivos del puesto caminero Puente Dique lograron detenerlo.\u00a0La noticia se conoci\u00f3 en las \u00faltimas horas y caus\u00f3 gran conmoci\u00f3n en toda la comunidad.<!--more--><span id=\"more-118212\"><\/span><\/p>\n<div><\/div>\n<div>Durante las \u00faltimas semanas se ven\u00edan registrando varios casos de desaparici\u00f3n de menores con denuncias por parte de sus progenitores y la aparici\u00f3n horas m\u00e1s tarde de las y los j\u00f3venes, sanos y salvos, sin mayores novedades.<\/div>\n<div><\/div>\n<div>Sin embargo, el caso de este fin de semana largo finaliz\u00f3 de la peor manera, la menor se ausent\u00f3 del domicilio y sali\u00f3 la ruta para hacer \u201cauto-stop\u201d y abandonar la ciudad. A la vera de la ruta nacional 151, cerca de la estaci\u00f3n de servicio YPF (Km 125), cerca de Catriel, un cami\u00f3n que transportaba mercader\u00eda con destino al valle medio detuvo su marcha y accedi\u00f3 a trasladar a la jovencita.<\/div>\n<div><\/div>\n<div>Seg\u00fan habr\u00eda relatado la menor, en medio del viaje, el camionero le di\u00f3 de beber, esto la hizo perder el conocimiento y el depravado abus\u00f3 sexualmente de ella.<\/div>\n<div><\/div>\n<div>Tras lo sucedido, el cami\u00f3n arrib\u00f3 a la ciudad de Cipolletti donde dej\u00f3 a la jovencita y luego se traslad\u00f3 al lugar de destino para descargar la mercader\u00eda.<\/div>\n<div><\/div>\n<div>La chica, desorientada y todav\u00eda bajo los efectos de la sustancia, pidi\u00f3 ayuda a otro camionero que se ofreci\u00f3 a trasladarla nuevamente hacia Catriel. Al llegar a la ciudad, la menor relat\u00f3 lo que le hab\u00eda pasado a su madre, qui\u00e9n radic\u00f3 la denuncia y se dio intervenci\u00f3n a la Comisar\u00eda de la Familia y estamentos que act\u00faan en este tipo de casos.<\/div>\n<div><\/div>\n<div>En la denuncia se detallaron algunas caracter\u00edsticas del cami\u00f3n y de su conductor. Cabe destacar que la mam\u00e1 de la joven ya hab\u00eda radicado una denuncia horas antes, por la desaparici\u00f3n de su hija.<\/div>\n<div><\/div>\n<div>La v\u00edctima fue atendida por profesionales y est\u00e1 siendo contenida\u00a0por los equipos de trabajo que abordan estos casos..<\/div>\n<div><\/div>\n<div>En un r\u00e1pido accionar policial por parte de la Unidad 9\u00b0 de Catriel, Comisar\u00eda de la Familia y con la colaboraci\u00f3n de los puestos camineros y centros de monitoreo, se logr\u00f3 identificar con las c\u00e1maras el paso del cami\u00f3n por las rutas de la regi\u00f3n y se decidi\u00f3 montar un operativo para esperarlo en sector de Puente Dique para su detenci\u00f3n.<\/div>\n<div><\/div>\n<div>Finalmente, con el paso de las horas, el cami\u00f3n arrib\u00f3 al puesto de control sobre el R\u00edo Colorado y fue identificado por la polic\u00eda que r\u00e1pidamente procedi\u00f3 a la detenci\u00f3n del camionero, un hombre oriundo de Misiones con domicilio en la provincia de Buenos Aires.<\/div>\n<div><\/div>\n<p>El acusado de abusar de la menor qued\u00f3 detenido y alojado en los calabozos de la Unidad 9\u00b0 de Catriel, la causa est\u00e1 en manos del Fiscal Jefe de Cipolletti, Gustavo Herrera. Se espera la continuidad de la investigaci\u00f3n para saber la situaci\u00f3n procesal del camionero.<\/p>\n","protected":false},"excerpt":{"rendered":"<p>Una menor de Catriel se ausent\u00f3 de su domicilio este fin de semana largo y al salir a la ruta para irse de la ciudad, un camionero se ofreci\u00f3 para llevarla hacia la zona del valle. Seg\u00fan se supo de fuentes confiables, el hombre le habr\u00eda dado una sustancia para drogar a la joven, aprovechando &hellip;<\/p>\n","protected":false},"author":2,"featured_media":12685,"comment_status":"open","ping_status":"open","sticky":false,"template":"","format":"standard","meta":{"_jetpack_memberships_contains_paid_content":false,"footnotes":"","jetpack_publicize_message":"","jetpack_publicize_feature_enabled":true,"jetpack_social_post_already_shared":false,"jetpack_social_options":{"image_generator_settings":{"template":"highway","default_image_id":0,"font":"","enabled":false},"version":2}},"categories":[5,6],"tags":[],"class_list":["post-26993","post","type-post","status-publish","format-standard","has-post-thumbnail","hentry","category-destacadas","category-locales"],"jetpack_publicize_connections":[],"jetpack_featured_media_url":"https:\/\/i0.wp.com\/25informa.com\/web\/wp-content\/uploads\/2017\/09\/abusoinfantil222.jpg?fit=601%2C400&ssl=1","jetpack-related-posts":[],"jetpack_sharing_enabled":true,"jetpack_likes_enabled":true,"_links":{"self":[{"href":"https:\/\/25informa.com\/web\/wp-json\/wp\/v2\/posts\/26993","targetHints":{"allow":["GET"]}}],"collection":[{"href":"https:\/\/25informa.com\/web\/wp-json\/wp\/v2\/posts"}],"about":[{"href":"https:\/\/25informa.com\/web\/wp-json\/wp\/v2\/types\/post"}],"author":[{"embeddable":true,"href":"https:\/\/25informa.com\/web\/wp-json\/wp\/v2\/users\/2"}],"replies":[{"embeddable":true,"href":"https:\/\/25informa.com\/web\/wp-json\/wp\/v2\/comments?post=26993"}],"version-history":[{"count":0,"href":"https:\/\/25informa.com\/web\/wp-json\/wp\/v2\/posts\/26993\/revisions"}],"wp:featuredmedia":[{"embeddable":true,"href":"https:\/\/25informa.com\/web\/wp-json\/wp\/v2\/media\/12685"}],"wp:attachment":[{"href":"https:\/\/25informa.com\/web\/wp-json\/wp\/v2\/media?parent=26993"}],"wp:term":[{"taxonomy":"category","embeddable":true,"href":"https:\/\/25informa.com\/web\/wp-json\/wp\/v2\/categories?post=26993"},{"taxonomy":"post_tag","embeddable":true,"href":"https:\/\/25informa.com\/web\/wp-json\/wp\/v2\/tags?post=26993"}],"curies":[{"name":"wp","href":"https:\/\/api.w.org\/{rel}","templated":true}]}}