{"id":26995,"date":"2021-11-26T10:32:21","date_gmt":"2021-11-26T13:32:21","guid":{"rendered":"https:\/\/25informa.com\/?p=26995"},"modified":"2021-11-26T10:32:21","modified_gmt":"2021-11-26T13:32:21","slug":"confirman-el-veredicto-del-jurado-popular-por-el-femicidio-de-catriel","status":"publish","type":"post","link":"https:\/\/25informa.com\/web\/confirman-el-veredicto-del-jurado-popular-por-el-femicidio-de-catriel\/","title":{"rendered":"Confirman el veredicto del jurado popular por el femicidio de Catriel"},"content":{"rendered":"<div>El Tribunal de Impugnaci\u00f3n provincial rechaz\u00f3 la impugnaci\u00f3n de la defensa y confirm\u00f3 el hecho, la calificaci\u00f3n legal y la sanci\u00f3n penal contra Sergio Exequiel Rebolledo. El imputado fue sometido a un juicio por jurados en Cipolletti y lo declararon responsable por el femicidio de Agustina Atencio en Catriel. Recibi\u00f3 prisi\u00f3n perpetua.<\/div>\n<p><!--more--><\/p>\n<div>El femicidio de Agustina Atencio ocurri\u00f3 el 29 de febrero de 2020 en Catriel. Seg\u00fan la acusaci\u00f3n, el imputado la invit\u00f3 a pasar la tarde en el rio Colorado. La traslad\u00f3 en su moto, le ofreci\u00f3 bebidas alcoh\u00f3licas y despu\u00e9s intent\u00f3 tener sexo con ella. Como la v\u00edctima se resisti\u00f3, la golpe\u00f3 y la dej\u00f3 caer al agua. Ella ten\u00eda 17 a\u00f1os.<\/div>\n<div><\/div>\n<div>\u00a0Rebolledo fue detenido algunas horas m\u00e1s tarde debido a que testigos lo hab\u00edan observado junto con Agustina, tanto en la moto como en el r\u00edo. En esa instancia le formularon cargos y dictaron prisi\u00f3n preventiva. El juicio por jurados se realiz\u00f3 del 2 al 6 de agosto en Cipolletti con la participaci\u00f3n de 56 testigos, adem\u00e1s de los 16 jurados populares, el juez t\u00e9cnico y las partes: fiscal\u00eda, querella y defensa. Se trat\u00f3 del primer juicio por jurados de la Cuarta Circunscripci\u00f3n y tambi\u00e9n el primero que se realiz\u00f3 bajo los protocolos sanitarios por el Covid-19.<\/div>\n<div><\/div>\n<div>El jurado popular, conformado por seis mujeres, seis hombres y cuatro suplentes, arrib\u00f3 a un veredicto de culpabilidad por unanimidad.<\/div>\n<div><\/div>\n<div>\u00a0Despu\u00e9s se realiz\u00f3 una audiencia con el juez t\u00e9cnico y Rebolledo recibi\u00f3 la condena de prisi\u00f3n perpetua por el delito de homicidio agravado por femicidio. La defensa interpuso una impugnaci\u00f3n ordinaria y las partes fueron convocadas a una nueva audiencia ante el Tribunal de Impugnaci\u00f3n de R\u00edo Negro.<\/div>\n<div><\/div>\n<div>\u00a0El Tribunal de Impugnaci\u00f3n, en su sentencia, rechaz\u00f3 los cinco agravios formulados por la defensa. La representaci\u00f3n legal del acusado hab\u00eda cuestionado la acusaci\u00f3n, la parcialidad del jurado popular, la admisi\u00f3n de una testigo, las instrucciones finales para la deliberaci\u00f3n y la violaci\u00f3n del est\u00e1ndar de duda razonable.<\/div>\n<div><\/div>\n<div><img data-recalc-dims=\"1\" loading=\"lazy\" decoding=\"async\" class=\"size-full wp-image-116404 aligncenter td-animation-stack-type0-2\" title=\"Confirman el veredicto del jurado popular por el femicidio de Catriel - Catriel25Noticias.com\" src=\"https:\/\/i0.wp.com\/catriel25noticias.com\/wp-content\/uploads\/2021\/09\/rebolledo-2.jpg?resize=409%2C344&#038;ssl=1\" sizes=\"auto, (max-width: 409px) 100vw, 409px\" srcset=\"https:\/\/catriel25noticias.com\/wp-content\/uploads\/2021\/09\/rebolledo-2.jpg 409w, https:\/\/catriel25noticias.com\/wp-content\/uploads\/2021\/09\/rebolledo-2-196x165.jpg 196w, https:\/\/catriel25noticias.com\/wp-content\/uploads\/2021\/09\/rebolledo-2-320x269.jpg 320w, https:\/\/catriel25noticias.com\/wp-content\/uploads\/2021\/09\/rebolledo-2-360x303.jpg 360w\" alt=\"rebolledo 2 - Catriel25Noticias.com\" width=\"409\" height=\"344\" \/><\/div>\n<div><\/div>\n<div>\u00a0La historia de los jurados populares en la provincia El fallo del Tribunal de Impugnaci\u00f3n, m\u00e1s all\u00e1 de tratar las cuestiones estrictamente procesales, les dio la bienvenida a las ciudadanas y ciudadanos de la provincia que se han sumado a los jurados populares en cumplimiento de la Constituci\u00f3n de R\u00edo Negro.<\/div>\n<div><\/div>\n<div>Se explic\u00f3 que el jurado popular, es un cuerpo pol\u00edtico y es el juez natural de los hechos e integra el Poder Judicial. La sentencia da cuenta que la incorporaci\u00f3n de los jurados al derecho provincial form\u00f3 parte de los debates en las Convenciones Constitucionales.<\/div>\n<div><\/div>\n<div>Y que la Constituci\u00f3n de la provincia y la Convenci\u00f3n Constituyente de 1988 concret\u00f3 que el Poder Judicial de la Provincia sea ejercido por un Superior Tribunal, dem\u00e1s tribunales y jurados. \u201cAs\u00ed, la ciudadan\u00eda participa de la toma de decisiones p\u00fablicas al convertirse en juezas y jueces imparciales y se cumple con otro paso en la institucionalidad de la provincia a trav\u00e9s de este mandato constitucional que hoy comenzamos a trazar y recorrer\u201d, se consigna en el fallo.<\/div>\n<div><\/div>\n<div>\u00a0Respecto de veredicto del jurado, el Tribunal de Impugnaci\u00f3n sostuvo que \u201cel pueblo es la fuente de poder en toda democracia, el veredicto de un jurado popular es, en este punto, un acto emanado de la soberan\u00eda popular. El pueblo soberano elige sus autoridades ejecutivas, legislativas, y ahora tambi\u00e9n, participa de las decisiones judiciales\u201d. En R\u00edo Negro ya se realizaron cinco jurados populares y est\u00e1 previsto el sexto, en Bariloche, entre el 29 de noviembre y el 3 de diciembre de este a\u00f1o.<\/div>\n","protected":false},"excerpt":{"rendered":"<p>El Tribunal de Impugnaci\u00f3n provincial rechaz\u00f3 la impugnaci\u00f3n de la defensa y confirm\u00f3 el hecho, la calificaci\u00f3n legal y la sanci\u00f3n penal contra Sergio Exequiel Rebolledo. El imputado fue sometido a un juicio por jurados en Cipolletti y lo declararon responsable por el femicidio de Agustina Atencio en Catriel. Recibi\u00f3 prisi\u00f3n perpetua. El femicidio de &hellip;<\/p>\n","protected":false},"author":2,"featured_media":20901,"comment_status":"open","ping_status":"open","sticky":false,"template":"","format":"standard","meta":{"_jetpack_memberships_contains_paid_content":false,"footnotes":"","jetpack_publicize_message":"","jetpack_publicize_feature_enabled":true,"jetpack_social_post_already_shared":false,"jetpack_social_options":{"image_generator_settings":{"template":"highway","default_image_id":0,"font":"","enabled":false},"version":2}},"categories":[5,6],"tags":[],"class_list":["post-26995","post","type-post","status-publish","format-standard","has-post-thumbnail","hentry","category-destacadas","category-locales"],"jetpack_publicize_connections":[],"jetpack_featured_media_url":"https:\/\/i0.wp.com\/25informa.com\/web\/wp-content\/uploads\/2020\/03\/atencio-agustina.jpg?fit=530%2C434&ssl=1","jetpack-related-posts":[],"jetpack_sharing_enabled":true,"jetpack_likes_enabled":true,"_links":{"self":[{"href":"https:\/\/25informa.com\/web\/wp-json\/wp\/v2\/posts\/26995","targetHints":{"allow":["GET"]}}],"collection":[{"href":"https:\/\/25informa.com\/web\/wp-json\/wp\/v2\/posts"}],"about":[{"href":"https:\/\/25informa.com\/web\/wp-json\/wp\/v2\/types\/post"}],"author":[{"embeddable":true,"href":"https:\/\/25informa.com\/web\/wp-json\/wp\/v2\/users\/2"}],"replies":[{"embeddable":true,"href":"https:\/\/25informa.com\/web\/wp-json\/wp\/v2\/comments?post=26995"}],"version-history":[{"count":0,"href":"https:\/\/25informa.com\/web\/wp-json\/wp\/v2\/posts\/26995\/revisions"}],"wp:featuredmedia":[{"embeddable":true,"href":"https:\/\/25informa.com\/web\/wp-json\/wp\/v2\/media\/20901"}],"wp:attachment":[{"href":"https:\/\/25informa.com\/web\/wp-json\/wp\/v2\/media?parent=26995"}],"wp:term":[{"taxonomy":"category","embeddable":true,"href":"https:\/\/25informa.com\/web\/wp-json\/wp\/v2\/categories?post=26995"},{"taxonomy":"post_tag","embeddable":true,"href":"https:\/\/25informa.com\/web\/wp-json\/wp\/v2\/tags?post=26995"}],"curies":[{"name":"wp","href":"https:\/\/api.w.org\/{rel}","templated":true}]}}