{"id":27909,"date":"2022-02-15T09:14:23","date_gmt":"2022-02-15T12:14:23","guid":{"rendered":"https:\/\/25informa.com\/web\/?p=27909"},"modified":"2022-02-15T09:14:23","modified_gmt":"2022-02-15T12:14:23","slug":"25-de-mayo-mantiene-36-casos-de-covid-activos","status":"publish","type":"post","link":"https:\/\/25informa.com\/web\/25-de-mayo-mantiene-36-casos-de-covid-activos\/","title":{"rendered":"25 de Mayo mantiene 36 casos de covid activos."},"content":{"rendered":"<div class=\"cxmmr5t8 oygrvhab hcukyx3x c1et5uql o9v6fnle ii04i59q\">\n<div dir=\"auto\">El Gobierno de la provincia de La Pampa, a trav\u00e9s del Ministerio de Salud, comunic\u00f3 que en horas de la tarde del d\u00eda de la fecha concluy\u00f3 el procesamiento de 621 muestras en los laboratorios de la Direcci\u00f3n de Epidemiolog\u00eda, del Establecimiento Asistencial Gobernador Centeno y Hospital Lucio Molas, como as\u00ed tambi\u00e9n en los diferentes Centros de Salud que analizan test de ant\u00edgenos y las muestras analizadas por LAMP-PCR procesadas en los laboratorios de General Acha, Realic\u00f3, Eduardo Castex, Hospital Evita, Victorica y 25 de Mayo.<\/div>\n<\/div>\n<p><!--more--><\/p>\n<div class=\"cxmmr5t8 oygrvhab hcukyx3x c1et5uql o9v6fnle ii04i59q\">\n<div dir=\"auto\">Hasta el corte de la informaci\u00f3n, en un total de 621 muestras, 149 personas resultaron positivas. De ellas, 77 corresponden a residentes en Santa Rosa, 11 en General Acha, 10 en Victorica, 7 en La Adela, 6 en Rancul, 5 en Guatrach\u00e9, 4 en Eduardo Castex, 4 en Realic\u00f3, 4 en Jacinto Arauz, 4 en Tel\u00e9n, 2 en Catril\u00f3, 2 en Parera, 2 en Miguel Riglos, 1 en Toay, 1 en Colonia Bar\u00f3n, 1 en Bernasconi, 1 en Ingeniero Luiggi, 1 en Bernardo Larroud\u00e9, 1 en Arata, 1 en Alta Italia, 1 en Trenel, 1 en V\u00e9rtiz, 1 en Embajador Martini, 1 en General Campos.<\/div>\n<\/div>\n<div class=\"cxmmr5t8 oygrvhab hcukyx3x c1et5uql o9v6fnle ii04i59q\">\n<div dir=\"auto\">ACLARACI\u00d3N SOBRE LA CARGA DE CASOS:<\/div>\n<\/div>\n<div class=\"cxmmr5t8 oygrvhab hcukyx3x c1et5uql o9v6fnle ii04i59q\">\n<div dir=\"auto\">Existe una diferencia de casos confirmados entre el reporte provincial y el nacional ya que se asisten y notifican pacientes que viven en otras provincias que tienen domicilio legal (el que figura en el DNI) en la provincia de La Pampa.<\/div>\n<\/div>\n<div class=\"cxmmr5t8 oygrvhab hcukyx3x c1et5uql o9v6fnle ii04i59q\">\n<div dir=\"auto\">B\u00daSQUEDA ACTIVA<\/div>\n<\/div>\n<div class=\"cxmmr5t8 oygrvhab hcukyx3x c1et5uql o9v6fnle ii04i59q\">\n<div dir=\"auto\">La estrategia de b\u00fasqueda activa con diagn\u00f3stico por ant\u00edgenos lleva entrevistados 317.610 ciudadanos.<\/div>\n<\/div>\n<div class=\"cxmmr5t8 oygrvhab hcukyx3x c1et5uql o9v6fnle ii04i59q\">\n<div dir=\"auto\">TEST R\u00c1PIDOS<\/div>\n<\/div>\n<div class=\"cxmmr5t8 oygrvhab hcukyx3x c1et5uql o9v6fnle ii04i59q\">\n<div dir=\"auto\">Santa Rosa 146-39<\/div>\n<div dir=\"auto\">General Pico 2\/0<\/div>\n<div dir=\"auto\">Victorica 33\/10<\/div>\n<div dir=\"auto\">General Acha 31\/11<\/div>\n<div dir=\"auto\">Jacinto Arauz 26\/4<\/div>\n<div dir=\"auto\">Eduardo Castex 19\/4<\/div>\n<div dir=\"auto\">Rancul 15\/6<\/div>\n<div dir=\"auto\">Realic\u00f3 13\/4<\/div>\n<div dir=\"auto\">La Adela 12\/7<\/div>\n<div dir=\"auto\">Tel\u00e9n 12\/4<\/div>\n<div dir=\"auto\">Guatrach\u00e9 11\/5<\/div>\n<div dir=\"auto\">Ingeniero Luiggi 6\/1<\/div>\n<div dir=\"auto\">Toay 6\/1<\/div>\n<div dir=\"auto\">Catril\u00f3 5\/2<\/div>\n<div dir=\"auto\">Miguel Riglos 5\/2<\/div>\n<div dir=\"auto\">Parera 5\/2<\/div>\n<div dir=\"auto\">V\u00e9rtiz 5\/1<\/div>\n<div dir=\"auto\">Bernardo Larroud\u00e9 4\/1<\/div>\n<div dir=\"auto\">Trenel 4\/1<\/div>\n<div dir=\"auto\">Arata 3\/1<\/div>\n<div dir=\"auto\">Bernasconi 3\/1<\/div>\n<div dir=\"auto\">Colonia Bar\u00f3n 3\/1<\/div>\n<div dir=\"auto\">Algarrobo del \u00c1guila 2\/0<\/div>\n<div dir=\"auto\">Embajador Martini 2\/1<\/div>\n<div dir=\"auto\">Winifreda 2\/0<\/div>\n<div dir=\"auto\">Alta Italia 1\/1<\/div>\n<div dir=\"auto\">General Campos 1\/1<\/div>\n<div dir=\"auto\">La Maruja 1\/0<\/div>\n<div dir=\"auto\">Macach\u00edn 1\/0<\/div>\n<div dir=\"auto\">Coronel Hilario.Lagos 2\/0<\/div>\n<\/div>\n<div class=\"cxmmr5t8 oygrvhab hcukyx3x c1et5uql o9v6fnle ii04i59q\">\n<div dir=\"auto\">Puestos de detecci\u00f3n COVID en Santa Rosa:<\/div>\n<div dir=\"auto\">Total de test: 107 hisopados<\/div>\n<div dir=\"auto\">Positivos: 24, negativos: 83<\/div>\n<\/div>\n<div class=\"cxmmr5t8 oygrvhab hcukyx3x c1et5uql o9v6fnle ii04i59q\">\n<div dir=\"auto\">Puesto Ciudad Judicial<\/div>\n<div dir=\"auto\">41 hisopados<\/div>\n<div dir=\"auto\">Nueve positivos, 32 negativos<\/div>\n<\/div>\n<div class=\"cxmmr5t8 oygrvhab hcukyx3x c1et5uql o9v6fnle ii04i59q\">\n<div dir=\"auto\">Predio ferroviario<\/div>\n<div dir=\"auto\">19 hisopados<\/div>\n<div dir=\"auto\">Siete positivos, 12 negativos<\/div>\n<\/div>\n<div class=\"cxmmr5t8 oygrvhab hcukyx3x c1et5uql o9v6fnle ii04i59q\">\n<div dir=\"auto\">Puesto Terminal de \u00d3mnibus<\/div>\n<div dir=\"auto\">47 hisopados<\/div>\n<div dir=\"auto\">Ocho positivos, 39 negativos<\/div>\n<\/div>\n<div class=\"cxmmr5t8 oygrvhab hcukyx3x c1et5uql o9v6fnle ii04i59q\">\n<div dir=\"auto\">SITUACI\u00d3N PROVINCIAL<\/div>\n<\/div>\n<div class=\"cxmmr5t8 oygrvhab hcukyx3x c1et5uql o9v6fnle ii04i59q\">\n<div dir=\"auto\">Desde el inicio de la pandemia, en la Provincia, se registraron 104.765 casos positivos para COVID-19, de los cuales 1.384 permanecen activos, 949 han fallecido y 102.432 se han recuperado, 306 en el d\u00eda de hoy.<\/div>\n<\/div>\n<div class=\"cxmmr5t8 oygrvhab hcukyx3x c1et5uql o9v6fnle ii04i59q\">\n<div dir=\"auto\">Los casos confirmados activos pertenecen a las siguientes localidades 616 en Santa Rosa, 158 en General Pico, 76 en Toay, 58 en Victorica, 41 en Guatrach\u00e9, 36 en General Acha, 36 en 25 de Mayo, 27 en Rancul, 25 en La Adela, 21 en Realic\u00f3, 20 en Jacinto Arauz, 17 en Eduardo Castex, 15 en Catril\u00f3, 13 en Parera, 13 en Bernasconi, 12 en Colonia Bar\u00f3n, 12 en Ingeniero Luiggi, 11 en Tel\u00e9n, 9 en General San Martin, 9 en La Humada, 8 en Gobernador Duval, 8 en Speluzzi, 7 en Santa Isabel, 6 en Carro Quemado, 6 en Intendente Alvear, 6 en Quetrequ\u00e9n, 6 en Winifreda, 5 en Miguel Riglos, 5 en Bernardo Larroud\u00e9, 5 en Arata, 5 en Alta Italia, 5 en Trenel, 5 en Conhello, 4 en Dorila, 4 en Lonquimay, 4 en Loventuel, 4 en Per\u00fa, 4 en Quem\u00fa Quem\u00fa, 4 en Rol\u00f3n, 3 en V\u00e9rtiz, 3 en Embajador Martini, 3 en General Campos, 3 en Quehu\u00e9, 3 en Agustoni, 3 en Alpachiri, 3 en Miguel Can\u00e9, 3 en Monte Nievas, 3 en Rucanelo, 3 en Villa Mirasol, 2 en Metileo, 2 en Abramo, 2 en Anguil, 2 en Casa de Piedra, 2 en Colonia Santa Teresa, 2 en Doblas, 2 en La Reforma, 2 en Luan Toro, 2 en Relmo, 2 en Uriburu, 1 en Macach\u00edn, 1 en Algarrobo del \u00c1guila, 1 en Caleuf\u00fa, 1 en Coronel Hilario Lagos, 1 en La Maruja, 1 en Mauricio Mayer, 1 en Puel\u00e9n, 1 en Sarah.<\/div>\n<\/div>\n<div class=\"cxmmr5t8 oygrvhab hcukyx3x c1et5uql o9v6fnle ii04i59q\">\n<div dir=\"auto\">FALLECIDOS<\/div>\n<\/div>\n<div class=\"cxmmr5t8 oygrvhab hcukyx3x c1et5uql o9v6fnle ii04i59q\">\n<div dir=\"auto\">Hasta el momento del cierre del parte diario se inform\u00f3 un fallecimiento.<\/div>\n<\/div>\n<div class=\"cxmmr5t8 oygrvhab hcukyx3x c1et5uql o9v6fnle ii04i59q\">\n<div dir=\"auto\">-Persona residente en Santa Rosa, sexo femenino, 70 a\u00f1os<\/div>\n<\/div>\n","protected":false},"excerpt":{"rendered":"<p>El Gobierno de la provincia de La Pampa, a trav\u00e9s del Ministerio de Salud, comunic\u00f3 que en horas de la tarde del d\u00eda de la fecha concluy\u00f3 el procesamiento de 621 muestras en los laboratorios de la Direcci\u00f3n de Epidemiolog\u00eda, del Establecimiento Asistencial Gobernador Centeno y Hospital Lucio Molas, como as\u00ed tambi\u00e9n en los diferentes &hellip;<\/p>\n","protected":false},"author":5,"featured_media":27910,"comment_status":"open","ping_status":"open","sticky":false,"template":"","format":"standard","meta":{"_jetpack_memberships_contains_paid_content":false,"footnotes":"","jetpack_publicize_message":"","jetpack_publicize_feature_enabled":true,"jetpack_social_post_already_shared":false,"jetpack_social_options":{"image_generator_settings":{"template":"highway","default_image_id":0,"font":"","enabled":false},"version":2}},"categories":[5,6],"tags":[],"class_list":["post-27909","post","type-post","status-publish","format-standard","has-post-thumbnail","hentry","category-destacadas","category-locales"],"jetpack_publicize_connections":[],"jetpack_featured_media_url":"https:\/\/i0.wp.com\/25informa.com\/web\/wp-content\/uploads\/2022\/02\/272953817_1177148156153799_1015786337958947746_n.jpg?fit=720%2C641&ssl=1","jetpack-related-posts":[],"jetpack_sharing_enabled":true,"jetpack_likes_enabled":true,"_links":{"self":[{"href":"https:\/\/25informa.com\/web\/wp-json\/wp\/v2\/posts\/27909","targetHints":{"allow":["GET"]}}],"collection":[{"href":"https:\/\/25informa.com\/web\/wp-json\/wp\/v2\/posts"}],"about":[{"href":"https:\/\/25informa.com\/web\/wp-json\/wp\/v2\/types\/post"}],"author":[{"embeddable":true,"href":"https:\/\/25informa.com\/web\/wp-json\/wp\/v2\/users\/5"}],"replies":[{"embeddable":true,"href":"https:\/\/25informa.com\/web\/wp-json\/wp\/v2\/comments?post=27909"}],"version-history":[{"count":1,"href":"https:\/\/25informa.com\/web\/wp-json\/wp\/v2\/posts\/27909\/revisions"}],"predecessor-version":[{"id":27911,"href":"https:\/\/25informa.com\/web\/wp-json\/wp\/v2\/posts\/27909\/revisions\/27911"}],"wp:featuredmedia":[{"embeddable":true,"href":"https:\/\/25informa.com\/web\/wp-json\/wp\/v2\/media\/27910"}],"wp:attachment":[{"href":"https:\/\/25informa.com\/web\/wp-json\/wp\/v2\/media?parent=27909"}],"wp:term":[{"taxonomy":"category","embeddable":true,"href":"https:\/\/25informa.com\/web\/wp-json\/wp\/v2\/categories?post=27909"},{"taxonomy":"post_tag","embeddable":true,"href":"https:\/\/25informa.com\/web\/wp-json\/wp\/v2\/tags?post=27909"}],"curies":[{"name":"wp","href":"https:\/\/api.w.org\/{rel}","templated":true}]}}