{"id":28175,"date":"2022-03-12T09:14:27","date_gmt":"2022-03-12T12:14:27","guid":{"rendered":"https:\/\/25informa.com\/web\/?p=28175"},"modified":"2022-03-12T09:14:27","modified_gmt":"2022-03-12T12:14:27","slug":"catriel-murio-chofer-de-un-micro-de-larga-distancia","status":"publish","type":"post","link":"https:\/\/25informa.com\/web\/catriel-murio-chofer-de-un-micro-de-larga-distancia\/","title":{"rendered":"Catriel: muri\u00f3 chofer de un micro de larga distancia"},"content":{"rendered":"<p><span data-contrast=\"auto\">Un chofer de la empresa \u00abVia Tac\u00bb falleci\u00f3 durante la ma\u00f1ana del viernes (08:30 hs), mientras realizaba un viaje de l\u00ednea hacia el sur. El colectivo y el pasaje permanecen en la terminal de \u00f3mnibus de Catriel.<\/span><span data-ccp-props=\"{&quot;201341983&quot;:0,&quot;335559739&quot;:160,&quot;335559740&quot;:259}\">\u00a0<\/span><span id=\"more-160061\"><\/span><!--more--><\/p>\n<p><span data-contrast=\"auto\">El trayecto que realiza el veh\u00edculo dominio (AF002 SE) n\u00b0 V 59164, es C\u00f3rdoba \u2013 Esquel. El conductor fallecido es oriundo de la provincia de C\u00f3rdoba y tiene 34 a\u00f1os.<\/span><span data-ccp-props=\"{&quot;201341983&quot;:0,&quot;335559739&quot;:160,&quot;335559740&quot;:259}\">\u00a0<\/span><\/p>\n<p><a href=\"https:\/\/i0.wp.com\/catriel25noticias.com\/wp-content\/uploads\/2022\/03\/tac-e1647002008997.jpg?ssl=1\"><img data-recalc-dims=\"1\" loading=\"lazy\" decoding=\"async\" class=\"size-large wp-image-160062 aligncenter td-animation-stack-type0-2\" title=\"Catriel: muri\u00f3 chofer de un micro de larga distancia 1\" src=\"https:\/\/i0.wp.com\/catriel25noticias.com\/wp-content\/uploads\/2022\/03\/tac-e1647002008997-524x363.jpg?resize=524%2C363&#038;ssl=1\" sizes=\"auto, (max-width: 524px) 100vw, 524px\" srcset=\"https:\/\/catriel25noticias.com\/wp-content\/uploads\/2022\/03\/tac-e1647002008997-524x363.jpg 524w, https:\/\/catriel25noticias.com\/wp-content\/uploads\/2022\/03\/tac-e1647002008997-238x165.jpg 238w, https:\/\/catriel25noticias.com\/wp-content\/uploads\/2022\/03\/tac-e1647002008997.jpg 600w\" alt=\"tac e1647002008997\" width=\"524\" height=\"363\" \/><\/a><\/p>\n<p><span data-contrast=\"auto\">La empresa enviar\u00e1 dos choferes para continuar el recorrido hacia el sur.<\/span><span data-ccp-props=\"{&quot;201341983&quot;:0,&quot;335559739&quot;:160,&quot;335559740&quot;:259}\">\u00a0<\/span><\/p>\n<p><span data-contrast=\"auto\">Seg\u00fan coment\u00f3 el chofer acompa\u00f1ante, \u201c lo fui a despertar cuando ingres\u00e1bamos a Catriel y estaba muerto\u201d\u2026.dijo el conductor desconsolado.<\/span><\/p>\n<p>En la terminal trabaja la polic\u00eda y criminal\u00edstica.<\/p>\n<p>Por disposici\u00f3n de la Fiscal\u00eda local, el micro permanecer\u00e1 a secuestrado hasta tanto se conozca el resultado de la autopsia.<\/p>\n<p>La terminal de Catriel \u00b4permanecer\u00e1 cerrada al p\u00fablico hasta las 18:00 hs.<\/p>\n<p>Fotos: Mario Mu\u00f1oz<\/p>\n","protected":false},"excerpt":{"rendered":"<p>Un chofer de la empresa \u00abVia Tac\u00bb falleci\u00f3 durante la ma\u00f1ana del viernes (08:30 hs), mientras realizaba un viaje de l\u00ednea hacia el sur. El colectivo y el pasaje permanecen en la terminal de \u00f3mnibus de Catriel.\u00a0 El trayecto que realiza el veh\u00edculo dominio (AF002 SE) n\u00b0 V 59164, es C\u00f3rdoba \u2013 Esquel. El conductor &hellip;<\/p>\n","protected":false},"author":5,"featured_media":28176,"comment_status":"open","ping_status":"open","sticky":false,"template":"","format":"standard","meta":{"_jetpack_memberships_contains_paid_content":false,"footnotes":"","jetpack_publicize_message":"","jetpack_publicize_feature_enabled":true,"jetpack_social_post_already_shared":true,"jetpack_social_options":{"image_generator_settings":{"template":"highway","default_image_id":0,"font":"","enabled":false},"version":2}},"categories":[5,6],"tags":[],"class_list":["post-28175","post","type-post","status-publish","format-standard","has-post-thumbnail","hentry","category-destacadas","category-locales"],"jetpack_publicize_connections":[],"jetpack_featured_media_url":"https:\/\/i0.wp.com\/25informa.com\/web\/wp-content\/uploads\/2022\/03\/terminal-tac-e1647001977178-701x363-1.jpg?fit=701%2C363&ssl=1","jetpack-related-posts":[],"jetpack_sharing_enabled":true,"jetpack_likes_enabled":true,"_links":{"self":[{"href":"https:\/\/25informa.com\/web\/wp-json\/wp\/v2\/posts\/28175","targetHints":{"allow":["GET"]}}],"collection":[{"href":"https:\/\/25informa.com\/web\/wp-json\/wp\/v2\/posts"}],"about":[{"href":"https:\/\/25informa.com\/web\/wp-json\/wp\/v2\/types\/post"}],"author":[{"embeddable":true,"href":"https:\/\/25informa.com\/web\/wp-json\/wp\/v2\/users\/5"}],"replies":[{"embeddable":true,"href":"https:\/\/25informa.com\/web\/wp-json\/wp\/v2\/comments?post=28175"}],"version-history":[{"count":1,"href":"https:\/\/25informa.com\/web\/wp-json\/wp\/v2\/posts\/28175\/revisions"}],"predecessor-version":[{"id":28177,"href":"https:\/\/25informa.com\/web\/wp-json\/wp\/v2\/posts\/28175\/revisions\/28177"}],"wp:featuredmedia":[{"embeddable":true,"href":"https:\/\/25informa.com\/web\/wp-json\/wp\/v2\/media\/28176"}],"wp:attachment":[{"href":"https:\/\/25informa.com\/web\/wp-json\/wp\/v2\/media?parent=28175"}],"wp:term":[{"taxonomy":"category","embeddable":true,"href":"https:\/\/25informa.com\/web\/wp-json\/wp\/v2\/categories?post=28175"},{"taxonomy":"post_tag","embeddable":true,"href":"https:\/\/25informa.com\/web\/wp-json\/wp\/v2\/tags?post=28175"}],"curies":[{"name":"wp","href":"https:\/\/api.w.org\/{rel}","templated":true}]}}