{"id":28179,"date":"2022-03-13T10:28:01","date_gmt":"2022-03-13T13:28:01","guid":{"rendered":"https:\/\/25informa.com\/web\/?p=28179"},"modified":"2022-03-13T10:28:01","modified_gmt":"2022-03-13T13:28:01","slug":"ruta-151-continuan-los-trabajos-entre-puelen-y-ruta-20","status":"publish","type":"post","link":"https:\/\/25informa.com\/web\/ruta-151-continuan-los-trabajos-entre-puelen-y-ruta-20\/","title":{"rendered":"Ruta 151: contin\u00faan los trabajos entre Puel\u00e9n y ruta 20"},"content":{"rendered":"<p>Se contin\u00faa con los trabajos en la RN151 como parte de la Malla 137. La empresa a cargo avanz\u00f3 con la carpeta asf\u00e1ltica y las banquinas entre los Km 178 y 181 y con tareas de bacheo entre los Km 176 y 179. Adem\u00e1s, se desarroll\u00f3 mantenimiento de rutina sobre toda la longitud de la malla.<!--more--><span id=\"more-160087\"><\/span><\/p>\n<p>La reparaci\u00f3n de esta vital v\u00eda de comunicaci\u00f3n entre el norte y el sur del pa\u00eds es un largo reclamo de usuarios de la misma.<\/p>\n<p>Si bien el tramo a\u00a0 reparar es muy extenso, las obras marchan lentas pero \u00abse est\u00e1 haciendo un buen trabajo\u00bb, dijeron desde la empresa.<\/p>\n","protected":false},"excerpt":{"rendered":"<p>Se contin\u00faa con los trabajos en la RN151 como parte de la Malla 137. La empresa a cargo avanz\u00f3 con la carpeta asf\u00e1ltica y las banquinas entre los Km 178 y 181 y con tareas de bacheo entre los Km 176 y 179. Adem\u00e1s, se desarroll\u00f3 mantenimiento de rutina sobre toda la longitud de la &hellip;<\/p>\n","protected":false},"author":5,"featured_media":28180,"comment_status":"open","ping_status":"open","sticky":false,"template":"","format":"standard","meta":{"_jetpack_memberships_contains_paid_content":false,"footnotes":"","jetpack_publicize_message":"","jetpack_publicize_feature_enabled":true,"jetpack_social_post_already_shared":true,"jetpack_social_options":{"image_generator_settings":{"template":"highway","default_image_id":0,"font":"","enabled":false},"version":2}},"categories":[5,8],"tags":[],"class_list":["post-28179","post","type-post","status-publish","format-standard","has-post-thumbnail","hentry","category-destacadas","category-provinciales"],"jetpack_publicize_connections":[],"jetpack_featured_media_url":"https:\/\/i0.wp.com\/25informa.com\/web\/wp-content\/uploads\/2022\/03\/ruta-151-repa.jpg?fit=720%2C720&ssl=1","jetpack-related-posts":[],"jetpack_sharing_enabled":true,"jetpack_likes_enabled":true,"_links":{"self":[{"href":"https:\/\/25informa.com\/web\/wp-json\/wp\/v2\/posts\/28179","targetHints":{"allow":["GET"]}}],"collection":[{"href":"https:\/\/25informa.com\/web\/wp-json\/wp\/v2\/posts"}],"about":[{"href":"https:\/\/25informa.com\/web\/wp-json\/wp\/v2\/types\/post"}],"author":[{"embeddable":true,"href":"https:\/\/25informa.com\/web\/wp-json\/wp\/v2\/users\/5"}],"replies":[{"embeddable":true,"href":"https:\/\/25informa.com\/web\/wp-json\/wp\/v2\/comments?post=28179"}],"version-history":[{"count":2,"href":"https:\/\/25informa.com\/web\/wp-json\/wp\/v2\/posts\/28179\/revisions"}],"predecessor-version":[{"id":28183,"href":"https:\/\/25informa.com\/web\/wp-json\/wp\/v2\/posts\/28179\/revisions\/28183"}],"wp:featuredmedia":[{"embeddable":true,"href":"https:\/\/25informa.com\/web\/wp-json\/wp\/v2\/media\/28180"}],"wp:attachment":[{"href":"https:\/\/25informa.com\/web\/wp-json\/wp\/v2\/media?parent=28179"}],"wp:term":[{"taxonomy":"category","embeddable":true,"href":"https:\/\/25informa.com\/web\/wp-json\/wp\/v2\/categories?post=28179"},{"taxonomy":"post_tag","embeddable":true,"href":"https:\/\/25informa.com\/web\/wp-json\/wp\/v2\/tags?post=28179"}],"curies":[{"name":"wp","href":"https:\/\/api.w.org\/{rel}","templated":true}]}}