{"id":3088,"date":"2016-01-03T10:04:21","date_gmt":"2016-01-03T13:04:21","guid":{"rendered":"https:\/\/25informa.com\/?p=3088"},"modified":"2016-01-03T10:04:21","modified_gmt":"2016-01-03T13:04:21","slug":"la-policia-realiza-40-allanamientos-en-busca-de-los-lanatta-y-schillaci","status":"publish","type":"post","link":"https:\/\/25informa.com\/web\/la-policia-realiza-40-allanamientos-en-busca-de-los-lanatta-y-schillaci\/","title":{"rendered":"La Polic\u00eda realiza 40 allanamientos en busca de los Lanatta y Schillaci"},"content":{"rendered":"<h3 style=\"text-align: justify;\"><span style=\"color: #000000;\">03\/01\/16 &#8211;\u00a0Fuerzas de seguridad buscan a los pr\u00f3fugos en el sur del Conurbano. Una falsa alarma provoc\u00f3 un operativo el Parque Pereyra Iraola. Ahora allanan la casa de la familia Schillaci.<\/span><\/h3>\n<h3 style=\"text-align: justify;\"><\/h3>\n<h3 style=\"text-align: justify;\"><\/h3>\n<h3 style=\"text-align: justify;\"><\/h3>\n<h3 style=\"text-align: justify;\"><\/h3>\n<h3 style=\"text-align: justify;\"><span style=\"color: #000000;\">Gendarmer\u00eda, Prefectura y las polic\u00edas Federal y Bonaerense realizan una serie de allanamientos coordinados para intentar dar con los hermanos Mart\u00edn y Christian Lanatta y con V\u00edctor Schillaci, los tres condenados por el triple crimen de General Rodr\u00edguez que se fugaron de la c\u00e1rcel de General Alvear el domingo pasado. <\/span><\/h3>\n<h3 style=\"text-align: justify;\"><\/h3>\n<h3 style=\"text-align: justify;\"><\/h3>\n<h3 style=\"text-align: justify;\"><\/h3>\n<h3 style=\"text-align: justify;\"><span style=\"color: #000000;\">Los cerca de 40 allanamientos est\u00e1n centrados en los domicilios y direcciones conocidos de los familiares, amigos y allegados de los tres acusados por tr\u00e1fico de efedrina, principalmente en los partidos bonaerenses de <b>Quilmes, Florencio Varela y Berazategui, <\/b>seg\u00fan confirmaron a<b>Infobae<\/b> fuentes del ministerio de Seguridad bonaerense.<\/span><\/h3>\n<h3 style=\"text-align: justify;\"><\/h3>\n<h3 style=\"text-align: justify;\"><\/h3>\n<h3 style=\"text-align: justify;\"><\/h3>\n<h3 style=\"text-align: justify;\"><\/h3>\n<h3 style=\"text-align: justify;\"><span style=\"color: #000000;\">Esta madrugada hubo adem\u00e1s un un fuerte operativo en el <b>Parque Pereyra Iraola<\/b>. Decenas de patrulleros, al menos dos helic\u00f3pteros y efectivos de a pie se repartieron en la zona a la caza de los tres hombres. Vecinos de la regi\u00f3n contaron en las redes sociales que durante la madrugada se escucharon m\u00faltiples disparos. Pero todo result\u00f3 ser una falsa alarma por un robo que nada tiene que ver con el caso, aseguraron\u00a0desde la gobernaci\u00f3n bonaerense.<\/span><\/h3>\n<h3 style=\"text-align: justify;\"><\/h3>\n<h3 style=\"text-align: justify;\"><\/h3>\n<h3 style=\"text-align: justify;\"><\/h3>\n<h3 style=\"text-align: justify;\"><\/h3>\n<h3 style=\"text-align: justify;\"><span style=\"color: #000000;\">Fuentes de la investigaci\u00f3n aseguraron adem\u00e1s a <b>Infobae <\/b>que la denuncia de la ex suegra de Christian Lanatta acerca del robo de su camioneta Renault Kangoo por parte de los tres pr\u00f3fugos tiene contradicciones y debilidades. Las fuerzas de seguridad ya tendr\u00edan en sus manos escuchas y comunicaciones que ponen en duda que el hecho haya ocurrido como lo contaron.<\/span><\/h3>\n<h3 style=\"text-align: justify;\"><\/h3>\n<h3 style=\"text-align: justify;\"><\/h3>\n<h3 style=\"text-align: justify;\"><\/h3>\n<h3 style=\"text-align: justify;\"><span id=\"saysCMSEmphasis2a2goccnvz6nipb9\" class=\"saysCMSEmphasis\" style=\"color: #000000;\">LOS INVESTIGADORES SOSPECHAN QUE HUBO INTENTOS DE SEMBRAR PISTAS FALSAS EN EL CASO<\/span><\/h3>\n<h3 style=\"text-align: justify;\"><\/h3>\n<h3 style=\"text-align: justify;\"><\/h3>\n<h3 style=\"text-align: justify;\"><\/h3>\n<h3 style=\"text-align: justify;\"><span style=\"color: #000000;\">A su vez, los investigadores analizan si los m\u00faltiples abogados que hablaron en los \u00faltimos d\u00edas en los medios en nombre de la familia o como supuestos negociadores para que se produzca la entrega de los delincuentes no intentaron sembrar pistas falsas.<\/span><\/h3>\n<h3 style=\"text-align: justify;\"><\/h3>\n<h3 style=\"text-align: justify;\"><\/h3>\n<h3 style=\"text-align: justify;\"><\/h3>\n<h3 style=\"text-align: justify;\"><\/h3>\n<h3 style=\"text-align: justify;\"><span style=\"color: #000000;\">D\u00edas atr\u00e1s, los Lanatta y Schillaci se detuvieron en un control policial a la altura de Ranchos y abrieron fuego contra dos oficiales de la Polic\u00eda Bonaerense. Ambos se encuentran todav\u00eda internados. La oficial Lucrecia Yudati todav\u00eda tiene m\u00faltiples heridas, pero ya se encuentra fuera de peligro, mientras que <b>Fernando Pengsawath <\/b>todav\u00eda pelea por su vida.<\/span><\/h3>\n<h3 style=\"text-align: justify;\"><\/h3>\n<h3 style=\"text-align: justify;\"><\/h3>\n<h3 style=\"text-align: justify;\"><\/h3>\n<h3 style=\"text-align: justify;\"><\/h3>\n<h3 style=\"text-align: justify;\"><span style=\"color: #000000;\">Este s\u00e1bado, el Ministerio de Seguridad Bonaerense que conduce Cristian Ritondo anunci\u00f3 un incremento en el n\u00famero de efectivos de distintas fuerzas federales dedicados a buscar a los tres pr\u00f3fugos del triple crimen de la efedrina.<\/span><\/h3>\n<h3 style=\"text-align: justify;\"><\/h3>\n<h3 style=\"text-align: justify;\"><\/h3>\n<h3 style=\"text-align: justify;\"><\/h3>\n<h3 style=\"text-align: justify;\"><\/h3>\n<h3 style=\"text-align: justify;\"><span style=\"color: #000000;\">A trav\u00e9s de un comunicado, aseguraron que \u00abcada d\u00eda la investigaci\u00f3n avanza m\u00e1s\u00bb, aunque advirtieron que por el momento \u00abser\u00eda imprudente determinar plazos de tiempo sobre las capturas\u00bb.<\/span><\/h3>\n<p>&nbsp;<\/p>\n<p>&nbsp;<\/p>\n<p>&nbsp;<\/p>\n<p>&nbsp;<\/p>\n","protected":false},"excerpt":{"rendered":"<p>03\/01\/16 &#8211;\u00a0Fuerzas de seguridad buscan a los pr\u00f3fugos en el sur del Conurbano. Una falsa alarma provoc\u00f3 un operativo el Parque Pereyra Iraola. Ahora allanan la casa de la familia Schillaci. Gendarmer\u00eda, Prefectura y las polic\u00edas Federal y Bonaerense realizan una serie de allanamientos coordinados para intentar dar con los hermanos Mart\u00edn y Christian Lanatta &hellip;<\/p>\n","protected":false},"author":2,"featured_media":3089,"comment_status":"open","ping_status":"open","sticky":false,"template":"","format":"standard","meta":{"_jetpack_memberships_contains_paid_content":false,"footnotes":"","jetpack_publicize_message":"","jetpack_publicize_feature_enabled":true,"jetpack_social_post_already_shared":false,"jetpack_social_options":{"image_generator_settings":{"template":"highway","default_image_id":0,"font":"","enabled":false},"version":2}},"categories":[7,3,9],"tags":[],"class_list":["post-3088","post","type-post","status-publish","format-standard","has-post-thumbnail","hentry","category-nacionales","category-noticias","category-sin-categorizar"],"jetpack_publicize_connections":[],"jetpack_featured_media_url":"https:\/\/i0.wp.com\/25informa.com\/web\/wp-content\/uploads\/2016\/01\/fuga-1.jpg?fit=770%2C433&ssl=1","jetpack-related-posts":[],"jetpack_sharing_enabled":true,"jetpack_likes_enabled":true,"_links":{"self":[{"href":"https:\/\/25informa.com\/web\/wp-json\/wp\/v2\/posts\/3088","targetHints":{"allow":["GET"]}}],"collection":[{"href":"https:\/\/25informa.com\/web\/wp-json\/wp\/v2\/posts"}],"about":[{"href":"https:\/\/25informa.com\/web\/wp-json\/wp\/v2\/types\/post"}],"author":[{"embeddable":true,"href":"https:\/\/25informa.com\/web\/wp-json\/wp\/v2\/users\/2"}],"replies":[{"embeddable":true,"href":"https:\/\/25informa.com\/web\/wp-json\/wp\/v2\/comments?post=3088"}],"version-history":[{"count":0,"href":"https:\/\/25informa.com\/web\/wp-json\/wp\/v2\/posts\/3088\/revisions"}],"wp:featuredmedia":[{"embeddable":true,"href":"https:\/\/25informa.com\/web\/wp-json\/wp\/v2\/media\/3089"}],"wp:attachment":[{"href":"https:\/\/25informa.com\/web\/wp-json\/wp\/v2\/media?parent=3088"}],"wp:term":[{"taxonomy":"category","embeddable":true,"href":"https:\/\/25informa.com\/web\/wp-json\/wp\/v2\/categories?post=3088"},{"taxonomy":"post_tag","embeddable":true,"href":"https:\/\/25informa.com\/web\/wp-json\/wp\/v2\/tags?post=3088"}],"curies":[{"name":"wp","href":"https:\/\/api.w.org\/{rel}","templated":true}]}}