{"id":3091,"date":"2016-01-03T10:10:25","date_gmt":"2016-01-03T13:10:25","guid":{"rendered":"https:\/\/25informa.com\/?p=3091"},"modified":"2016-01-03T10:10:25","modified_gmt":"2016-01-03T13:10:25","slug":"un-nene-de-4-anos-jugando-con-un-arma-se-pego-un-tiro-en-la-cabezy-murio","status":"publish","type":"post","link":"https:\/\/25informa.com\/web\/un-nene-de-4-anos-jugando-con-un-arma-se-pego-un-tiro-en-la-cabezy-murio\/","title":{"rendered":"Un nene de 4 a\u00f1os, jugando con un arma, se peg\u00f3 un tiro en la cabeza y muri\u00f3"},"content":{"rendered":"<h3 class=\"itemIntroText\" style=\"text-align: justify;\"><span style=\"color: #000000;\">03\/01\/16 &#8211; Un nene de 4 a\u00f1os de edad falleci\u00f3 en Santa Rosa luego de que este mediod\u00eda se pegara un tiro con un arma de su pap\u00e1, mientras estaba jugando, en barrio Congreso. El balazo le ingres\u00f3 por el ment\u00f3n y fue internado en el Hospital Molas, donde muri\u00f3 minutos antes de las 14, confirm\u00f3 la Polic\u00eda.<\/span><br \/>\n<span style=\"color: #000000;\">\u00a0<\/span><\/h3>\n<h3 class=\"itemFullText\" style=\"text-align: justify;\"><\/h3>\n<h3 class=\"itemFullText\" style=\"text-align: justify;\"><\/h3>\n<h3 class=\"itemFullText\" style=\"text-align: justify;\"><span style=\"color: #000000;\">El accidente se produjo sobre el mediod\u00eda en una casa del barrio Congreso, sobre calle M\u00e9dici entre Constituyentes y Schmidt. El peque\u00f1o llamado Rom\u00e1n estaba manipulando un revolver calibre 22 largo que estaba cargado y en un momento determinado se le escap\u00f3 un tiro que le dio en la cabeza.<\/span><\/h3>\n<h3 class=\"itemFullText\" style=\"text-align: justify;\"><\/h3>\n<h3 class=\"itemFullText\" style=\"text-align: justify;\"><\/h3>\n<h3 class=\"itemFullText\" style=\"text-align: justify;\"><span style=\"color: #000000;\">Al momento del incidente los padres estaban en la casa. El ni\u00f1o, acompa\u00f1ado por su padre, fue trasladado de urgencia en un patrullero policial, inconsciente, al Hospital Evita. Desde all\u00ed fue trasladado al Molas. La Polic\u00eda mont\u00f3 un amplio dispositivo de corte de calles para agilizar el traslado de la ambulancia.\u00a0<\/span><\/h3>\n<h3 class=\"itemFullText\" style=\"text-align: justify;\"><\/h3>\n<h3 class=\"itemFullText\" style=\"text-align: justify;\"><\/h3>\n<h3 class=\"itemFullText\" style=\"text-align: justify;\"><\/h3>\n<h3 class=\"itemFullText\" style=\"text-align: justify;\"><span style=\"color: #000000;\">Los m\u00e9dicos lo internaron y realizaron tareas para reanimarlo y estabilizarlo, pero finalmente, minutos antes de las 14 muri\u00f3, confirm\u00f3 a Diario Textual el jefe de la Unidad Regional 1, Jos\u00e9 Morales.<\/span><\/h3>\n<h3 class=\"itemFullText\" style=\"text-align: justify;\"><\/h3>\n<h3 class=\"itemFullText\" style=\"text-align: justify;\"><\/h3>\n","protected":false},"excerpt":{"rendered":"<p>03\/01\/16 &#8211; Un nene de 4 a\u00f1os de edad falleci\u00f3 en Santa Rosa luego de que este mediod\u00eda se pegara un tiro con un arma de su pap\u00e1, mientras estaba jugando, en barrio Congreso. El balazo le ingres\u00f3 por el ment\u00f3n y fue internado en el Hospital Molas, donde muri\u00f3 minutos antes de las 14, &hellip;<\/p>\n","protected":false},"author":2,"featured_media":3092,"comment_status":"open","ping_status":"open","sticky":false,"template":"","format":"standard","meta":{"_jetpack_memberships_contains_paid_content":false,"footnotes":"","jetpack_publicize_message":"","jetpack_publicize_feature_enabled":true,"jetpack_social_post_already_shared":false,"jetpack_social_options":{"image_generator_settings":{"template":"highway","default_image_id":0,"font":"","enabled":false},"version":2}},"categories":[5,3,8],"tags":[],"class_list":["post-3091","post","type-post","status-publish","format-standard","has-post-thumbnail","hentry","category-destacadas","category-noticias","category-provinciales"],"jetpack_publicize_connections":[],"jetpack_featured_media_url":"https:\/\/i0.wp.com\/25informa.com\/web\/wp-content\/uploads\/2016\/01\/murio-nene-sta-rosa.jpg?fit=587%2C400&ssl=1","jetpack-related-posts":[],"jetpack_sharing_enabled":true,"jetpack_likes_enabled":true,"_links":{"self":[{"href":"https:\/\/25informa.com\/web\/wp-json\/wp\/v2\/posts\/3091","targetHints":{"allow":["GET"]}}],"collection":[{"href":"https:\/\/25informa.com\/web\/wp-json\/wp\/v2\/posts"}],"about":[{"href":"https:\/\/25informa.com\/web\/wp-json\/wp\/v2\/types\/post"}],"author":[{"embeddable":true,"href":"https:\/\/25informa.com\/web\/wp-json\/wp\/v2\/users\/2"}],"replies":[{"embeddable":true,"href":"https:\/\/25informa.com\/web\/wp-json\/wp\/v2\/comments?post=3091"}],"version-history":[{"count":0,"href":"https:\/\/25informa.com\/web\/wp-json\/wp\/v2\/posts\/3091\/revisions"}],"wp:featuredmedia":[{"embeddable":true,"href":"https:\/\/25informa.com\/web\/wp-json\/wp\/v2\/media\/3092"}],"wp:attachment":[{"href":"https:\/\/25informa.com\/web\/wp-json\/wp\/v2\/media?parent=3091"}],"wp:term":[{"taxonomy":"category","embeddable":true,"href":"https:\/\/25informa.com\/web\/wp-json\/wp\/v2\/categories?post=3091"},{"taxonomy":"post_tag","embeddable":true,"href":"https:\/\/25informa.com\/web\/wp-json\/wp\/v2\/tags?post=3091"}],"curies":[{"name":"wp","href":"https:\/\/api.w.org\/{rel}","templated":true}]}}