{"id":3094,"date":"2016-01-03T10:15:46","date_gmt":"2016-01-03T13:15:46","guid":{"rendered":"https:\/\/25informa.com\/?p=3094"},"modified":"2016-01-03T10:15:46","modified_gmt":"2016-01-03T13:15:46","slug":"accidente-en-el-dakar-dos-heridos-estan-en-grave-estado","status":"publish","type":"post","link":"https:\/\/25informa.com\/web\/accidente-en-el-dakar-dos-heridos-estan-en-grave-estado\/","title":{"rendered":"Accidente en el Dakar: dos heridos est\u00e1n en grave estado"},"content":{"rendered":"<h3 style=\"text-align: justify;\"><span style=\"color: #000000;\">03\/01\/16 &#8211;\u00a0El jefe de la guardia del hospital Santa Francisca Romana de Arrecifes, Daniel Modesto, confirm\u00f3 que <b>diez personas<\/b> resultaron lastimadas. Es el primer accidente de la competici\u00f3n que se realiza en Argentina y Bolivia.<\/span><\/h3>\n<h3 style=\"text-align: justify;\"><\/h3>\n<p>&nbsp;<\/p>\n<p>&nbsp;<\/p>\n<p>&nbsp;<\/p>\n<h3 style=\"text-align: justify;\"><span style=\"color: #000000;\">Este s\u00e1bado, <b><a style=\"color: #000000;\" href=\"http:\/\/www.infobae.com\/2016\/01\/02\/1780478-primer-accidente-del-dakar-se-despisto-un-auto-y-hay-heridos\">un accidente<\/a><\/b> protagonizado por la china <b>Gou Meiling<\/b> dej\u00f3 <b>diez heridos<\/b>, de los cuales <b>dos<\/b> se encuentran en grave estado. As\u00ed lo confirm\u00f3 el jefe de la guardia del hospital Santa Francisca Romana de Arrecifes <b>Daniel Modesto<\/b>.<\/span><\/h3>\n<h3 style=\"text-align: justify;\"><\/h3>\n<h3 style=\"text-align: justify;\"><\/h3>\n<h3 style=\"text-align: justify;\"><\/h3>\n<h3 style=\"text-align: justify;\"><\/h3>\n<h3 style=\"text-align: justify;\"><span style=\"color: #000000;\">El m\u00e9dico adem\u00e1s revel\u00f3 que los dos con m\u00e1s afectados, un padre y un hijo de apellido <b>Espierre<\/b>, fueron trasladados al hospital <b>Austral de Pilar<\/b>.<\/span><\/h3>\n<h3 style=\"text-align: justify;\"><\/h3>\n<h3 style=\"text-align: justify;\"><\/h3>\n<h3 style=\"text-align: justify;\"><\/h3>\n<h3 style=\"text-align: justify;\"><\/h3>\n<h3 style=\"text-align: justify;\"><span style=\"color: #000000;\">Modesto tambi\u00e9n inform\u00f3 que el padre sufri\u00f3 un <b>traumatismo de cr\u00e1neo complicado<\/b>, y el hijo una <b>contusi\u00f3n pulmonar<\/b>.<\/span><\/h3>\n<div>\n<p>&nbsp;<\/p>\n<p>&nbsp;<\/p>\n<p>&nbsp;<\/p>\n<p>&nbsp;<\/p>\n<p><span style=\"color: #000000;\">M\u00e1s temprano, el secretario de Salud de la localidad bonaerense de <a class=\"agrupador\" style=\"color: #000000;\" href=\"http:\/\/www.infobae.com\/arrecifes-a11348\" rel=\"11348\">Arrecifes<\/a> <b>Carlos Mondino<\/b>revel\u00f3 los nombres del resto de los heridos: \u00abSantino Rodr\u00edguez, Morena Bongora, Ainar\u00e1 Albarrac\u00edn, Luis C\u00e9sar Burgos, Yesica Azcurra, Gast\u00f3n L\u00f3pez y Juan Carlos Rodr\u00edguez\u00bb. <\/span><\/p>\n<p>&nbsp;<\/p>\n<p>&nbsp;<\/p>\n<p>&nbsp;<\/p>\n<p><span style=\"color: #000000;\">\u00abQueremos dejar tranquilidad que no hay personas fallecidas pero tengo que reiterar que varios est\u00e1n en un estado de gravedad\u00bb, dijo Mondino en di\u00e1logo con radio <i>Rivadavia<\/i>.<\/span><\/p>\n<\/div>\n<h3 class=\"narrowcontent\" style=\"text-align: justify;\"><\/h3>\n<h3 class=\"narrowcontent\" style=\"text-align: justify;\"><\/h3>\n<h3 class=\"narrowcontent\" style=\"text-align: justify;\"><\/h3>\n<h3 class=\"narrowcontent\" style=\"text-align: justify;\"><span style=\"color: #000000;\">DyN<\/span><\/h3>\n<h3 style=\"text-align: justify;\"><\/h3>\n","protected":false},"excerpt":{"rendered":"<p>03\/01\/16 &#8211;\u00a0El jefe de la guardia del hospital Santa Francisca Romana de Arrecifes, Daniel Modesto, confirm\u00f3 que diez personas resultaron lastimadas. Es el primer accidente de la competici\u00f3n que se realiza en Argentina y Bolivia. &nbsp; &nbsp; &nbsp; Este s\u00e1bado, un accidente protagonizado por la china Gou Meiling dej\u00f3 diez heridos, de los cuales dos &hellip;<\/p>\n","protected":false},"author":2,"featured_media":3095,"comment_status":"open","ping_status":"open","sticky":false,"template":"","format":"standard","meta":{"_jetpack_memberships_contains_paid_content":false,"footnotes":"","jetpack_publicize_message":"","jetpack_publicize_feature_enabled":true,"jetpack_social_post_already_shared":false,"jetpack_social_options":{"image_generator_settings":{"template":"highway","default_image_id":0,"font":"","enabled":false},"version":2}},"categories":[4,5,3],"tags":[],"class_list":["post-3094","post","type-post","status-publish","format-standard","has-post-thumbnail","hentry","category-deportes","category-destacadas","category-noticias"],"jetpack_publicize_connections":[],"jetpack_featured_media_url":"https:\/\/i0.wp.com\/25informa.com\/web\/wp-content\/uploads\/2016\/01\/ACCIDENTE-DAKAR.jpg?fit=770%2C433&ssl=1","jetpack-related-posts":[],"jetpack_sharing_enabled":true,"jetpack_likes_enabled":true,"_links":{"self":[{"href":"https:\/\/25informa.com\/web\/wp-json\/wp\/v2\/posts\/3094","targetHints":{"allow":["GET"]}}],"collection":[{"href":"https:\/\/25informa.com\/web\/wp-json\/wp\/v2\/posts"}],"about":[{"href":"https:\/\/25informa.com\/web\/wp-json\/wp\/v2\/types\/post"}],"author":[{"embeddable":true,"href":"https:\/\/25informa.com\/web\/wp-json\/wp\/v2\/users\/2"}],"replies":[{"embeddable":true,"href":"https:\/\/25informa.com\/web\/wp-json\/wp\/v2\/comments?post=3094"}],"version-history":[{"count":0,"href":"https:\/\/25informa.com\/web\/wp-json\/wp\/v2\/posts\/3094\/revisions"}],"wp:featuredmedia":[{"embeddable":true,"href":"https:\/\/25informa.com\/web\/wp-json\/wp\/v2\/media\/3095"}],"wp:attachment":[{"href":"https:\/\/25informa.com\/web\/wp-json\/wp\/v2\/media?parent=3094"}],"wp:term":[{"taxonomy":"category","embeddable":true,"href":"https:\/\/25informa.com\/web\/wp-json\/wp\/v2\/categories?post=3094"},{"taxonomy":"post_tag","embeddable":true,"href":"https:\/\/25informa.com\/web\/wp-json\/wp\/v2\/tags?post=3094"}],"curies":[{"name":"wp","href":"https:\/\/api.w.org\/{rel}","templated":true}]}}