{"id":33557,"date":"2024-05-16T12:30:56","date_gmt":"2024-05-16T15:30:56","guid":{"rendered":"https:\/\/25informa.com\/web\/?p=33557"},"modified":"2024-05-16T12:30:56","modified_gmt":"2024-05-16T15:30:56","slug":"femicidio-de-agustina-que-pasara-con-pablo-parra-despues-de-ser-declarado-culpable","status":"publish","type":"post","link":"https:\/\/25informa.com\/web\/femicidio-de-agustina-que-pasara-con-pablo-parra-despues-de-ser-declarado-culpable\/","title":{"rendered":"Femicidio de Agustina: qu\u00e9 pasar\u00e1 con Pablo Parra despu\u00e9s de ser declarado culpable"},"content":{"rendered":"<div class=\"bajada\">El veredicto de culpabilidad fue un\u00e1nime tras dos horas y media de deliberaci\u00f3n.\u00a0<b>\u00abSe hizo justicia\u00bb<\/b>, afirm\u00f3 ayer la madre de la joven santarrose\u00f1a asesinada en Cipolletti.<\/div>\n<p><!--more--><\/p>\n<div>\n<div class=\"col-12\">\n<div id=\"texto_tpl6\" class=\"texto\">\n<p data-content-col=\"ok\" data-content-parag=\"Cantidad de caracteres exacta\">El jurado popular resolvi\u00f3 este mi\u00e9rcoles, por unanimidad, declarar a Pablo Parra culpable del femicidio de la joven santarrose\u00f1a Agustina Fern\u00e1ndez en Cipolletti. Parra permaneci\u00f3 varios segundos paralizado, en silencio. Despu\u00e9s, personal policial lo retir\u00f3 de la sala para trasladarlo al penal donde cumple la prisi\u00f3n preventiva.<\/p>\n<p data-content-col=\"ok\" data-content-parag=\"Cantidad de caracteres exacta\">En los pr\u00f3ximos d\u00edas ser\u00e1 el juez Guillermo Baquero Lazcano quien impondr\u00e1 la condena. Seg\u00fan el C\u00f3digo Penal, la \u00fanica pena prevista para sancionar el femicidio es la prisi\u00f3n perpetua.<\/p>\n<p>&nbsp;<\/p>\n<p class=\"\" title=\"\" contenteditable=\"false\"><iframe loading=\"lazy\" title=\"Parra declaraciones\" src=\"https:\/\/www.youtube.com\/embed\/yVNbsLavKJw\" width=\"441\" height=\"784\" frameborder=\"0\" allowfullscreen=\"allowfullscreen\" data-mce-fragment=\"1\"><\/iframe><\/p>\n<p>&nbsp;<\/p>\n<p>&nbsp;<\/p>\n<p data-content-col=\"ok\" data-content-parag=\"Cantidad de caracteres exacta\">Tras los alegatos, el juez imparti\u00f3 las instrucciones a los doce jurados. \u00abUstedes son jueces de los hechos\u00bb, les record\u00f3. Exhort\u00f3 al jurado a tener un debate serio, en funci\u00f3n de la prueba presentada durante el juicio, que comenz\u00f3 el 6 de mayo \u00faltimo.<\/p>\n<p data-content-col=\"ok\" data-content-parag=\"Cantidad de caracteres exacta\">Baquero Lazcano les explic\u00f3 las tres alternativas que ten\u00edan para llegar a un veredicto: culpable de femicidio, culpable de homicidio simple o no culpable. Tras la deliberaci\u00f3n, los jurados concluyeron que Parra es culpable del femicidio de Agustina.<\/p>\n<div class=\"google-auto-placed ap_container\"><ins class=\"adsbygoogle adsbygoogle-noablate\" data-ad-format=\"auto\" data-ad-client=\"ca-pub-6403813037603277\" data-adsbygoogle-status=\"done\" data-ad-status=\"unfilled\"><\/p>\n<div id=\"aswift_3_host\"><iframe loading=\"lazy\" id=\"aswift_3\" tabindex=\"0\" title=\"Advertisement\" src=\"https:\/\/googleads.g.doubleclick.net\/pagead\/ads?client=ca-pub-6403813037603277&amp;output=html&amp;h=280&amp;adk=1909521250&amp;adf=2495168725&amp;pi=t.aa~a.2470000188~i.8~rp.4&amp;w=839&amp;abgtt=3&amp;fwrn=4&amp;fwrnh=100&amp;lmt=1715873316&amp;num_ads=1&amp;rafmt=1&amp;armr=3&amp;sem=mc&amp;pwprc=4381023474&amp;ad_type=text_image&amp;format=839x280&amp;url=https%3A%2F%2Fwww.eldiariodelapampa.com.ar%2Fla-pampa%2F34648%2Ffemicidio-de-agustina--que-pasara-con-pablo-parra-despues-de-ser-declarado-culpable&amp;fwr=0&amp;pra=3&amp;rh=200&amp;rw=839&amp;rpe=1&amp;resp_fmts=3&amp;wgl=1&amp;fa=27&amp;uach=WyJXaW5kb3dzIiwiMTAuMC4wIiwieDg2IiwiIiwiMTI0LjAuMjQ3OC45NyIsbnVsbCwwLG51bGwsIjY0IixbWyJDaHJvbWl1bSIsIjEyNC4wLjYzNjcuMjAxIl0sWyJNaWNyb3NvZnQgRWRnZSIsIjEyNC4wLjI0NzguOTciXSxbIk5vdC1BLkJyYW5kIiwiOTkuMC4wLjAiXV0sMF0.&amp;dt=1715873313723&amp;bpp=3&amp;bdt=1616&amp;idt=3&amp;shv=r20240513&amp;mjsv=m202405090101&amp;ptt=9&amp;saldr=aa&amp;abxe=1&amp;cookie=ID%3Dda4b4484b480574c%3AT%3D1709034737%3ART%3D1715873313%3AS%3DALNI_MY6O2NBk401dBhJrx0NrhbYM8sdbg&amp;gpic=UID%3D00000a0ff763c9d7%3AT%3D1709034737%3ART%3D1715873313%3AS%3DALNI_Mb8-pFjtP2WwJRse5Mnk9E_elJKTw&amp;eo_id_str=ID%3Da1b575754217e4b3%3AT%3D1709211604%3ART%3D1715873313%3AS%3DAA-AfjaanN9u6UEPWAQeCcp4REVK&amp;prev_fmts=300x600%2C300x600%2C0x0&amp;nras=2&amp;correlator=5099751305822&amp;frm=20&amp;pv=1&amp;ga_vid=516258833.1709034737&amp;ga_sid=1715873313&amp;ga_hid=2048081945&amp;ga_fc=1&amp;ga_cid=1389922560.1715872979&amp;u_tz=-180&amp;u_his=3&amp;u_h=864&amp;u_w=1536&amp;u_ah=824&amp;u_aw=1536&amp;u_cd=24&amp;u_sd=1.25&amp;dmc=8&amp;adx=100&amp;ady=2224&amp;biw=1473&amp;bih=750&amp;scr_x=0&amp;scr_y=0&amp;eid=44759876%2C44759927%2C44759837%2C31083588%2C95330276%2C95331983%2C31083610%2C95331711%2C95332415%2C95333413&amp;oid=2&amp;pvsid=612838176124397&amp;tmod=160466589&amp;wsm=1&amp;uas=0&amp;nvt=1&amp;ref=https%3A%2F%2Fwww.eldiariodelapampa.com.ar%2F&amp;fc=384&amp;brdim=0%2C0%2C0%2C0%2C1536%2C0%2C1536%2C824%2C1488%2C750&amp;vis=1&amp;rsz=%7C%7Cs%7C&amp;abl=NS&amp;fu=128&amp;bc=31&amp;bz=1.03&amp;psd=W251bGwsbnVsbCxudWxsLDNd&amp;ifi=4&amp;uci=a!4&amp;btvi=2&amp;fsb=1&amp;dtd=2289\" name=\"aswift_3\" width=\"839\" height=\"0\" frameborder=\"0\" marginwidth=\"0\" marginheight=\"0\" scrolling=\"no\" sandbox=\"allow-forms allow-popups allow-popups-to-escape-sandbox allow-same-origin allow-scripts allow-top-navigation-by-user-activation\" data-google-container-id=\"a!4\" aria-label=\"Advertisement\" data-google-query-id=\"CJyy_5u-koYDFTyEOgUdR2sJMw\" data-load-complete=\"true\" data-mce-fragment=\"1\"><\/iframe><\/div>\n<p><\/ins><\/div>\n<p data-content-col=\"ok\" data-content-parag=\"Cantidad de caracteres exacta\">Los doce jurados populares deliberaron alrededor de dos horas y media a puertas cerradas, en la sala de audiencias de Cipolletti, para consensuar el veredicto de culpabilidad.<\/p>\n<picture><source srcset=\"https:\/\/www.eldiariodelapampa.com.ar\/\/img\/publicaciones\/2024\/05\/16\/baja\/532915-t.webp\" media=\"(max-width:460px)\" \/><source srcset=\"https:\/\/www.eldiariodelapampa.com.ar\/\/img\/publicaciones\/2024\/05\/16\/alta\/532915-t.webp\" media=\"(min-width:460px)\" \/><img data-recalc-dims=\"1\" decoding=\"async\" src=\"https:\/\/i0.wp.com\/www.eldiariodelapampa.com.ar\/\/img\/publicaciones\/2024\/05\/16\/alta\/532915-t.jpg?ssl=1\" data-object=\"532915\" data-filename=\"image.png\" \/><\/picture>\n<p>&nbsp;<\/p>\n<p>&nbsp;<\/p>\n<p>&nbsp;<\/p>\n<p>&nbsp;<\/p>\n<p data-content-col=\"ok\" data-content-parag=\"Cantidad de caracteres exacta\">\u00abNosotros, el jurado, encontramos al acusado Pablo Parra culpable por unanimidad como autor del delito de femicidio, por haber sido cometido por un hombre hacia una mujer y mediar la violencia de g\u00e9nero\u00bb, inform\u00f3 la presidenta del jurado, minutos despu\u00e9s de las 18. Los padres y familiares de Agustina se abrazaron, emocionados.<\/p>\n<p data-content-col=\"ok\" data-content-parag=\"Cantidad de caracteres exacta\">Con el veredicto de culpabilidad finaliz\u00f3 la intervenci\u00f3n de los doce jurados populares, que juzgaron a Parra.<\/p>\n<div class=\"google-auto-placed ap_container\"><ins class=\"adsbygoogle adsbygoogle-noablate\" data-ad-format=\"auto\" data-ad-client=\"ca-pub-6403813037603277\" data-adsbygoogle-status=\"done\" data-ad-status=\"unfilled\"><\/p>\n<div id=\"aswift_4_host\"><iframe loading=\"lazy\" id=\"aswift_4\" tabindex=\"0\" title=\"Advertisement\" src=\"https:\/\/googleads.g.doubleclick.net\/pagead\/ads?client=ca-pub-6403813037603277&amp;output=html&amp;h=280&amp;adk=1909521250&amp;adf=1786997718&amp;pi=t.aa~a.2470000188~i.16~rp.4&amp;w=839&amp;abgtt=3&amp;fwrn=4&amp;fwrnh=100&amp;lmt=1715873329&amp;num_ads=1&amp;rafmt=1&amp;armr=3&amp;sem=mc&amp;pwprc=4381023474&amp;ad_type=text_image&amp;format=839x280&amp;url=https%3A%2F%2Fwww.eldiariodelapampa.com.ar%2Fla-pampa%2F34648%2Ffemicidio-de-agustina--que-pasara-con-pablo-parra-despues-de-ser-declarado-culpable&amp;fwr=0&amp;pra=3&amp;rh=200&amp;rw=839&amp;rpe=1&amp;resp_fmts=3&amp;wgl=1&amp;fa=27&amp;uach=WyJXaW5kb3dzIiwiMTAuMC4wIiwieDg2IiwiIiwiMTI0LjAuMjQ3OC45NyIsbnVsbCwwLG51bGwsIjY0IixbWyJDaHJvbWl1bSIsIjEyNC4wLjYzNjcuMjAxIl0sWyJNaWNyb3NvZnQgRWRnZSIsIjEyNC4wLjI0NzguOTciXSxbIk5vdC1BLkJyYW5kIiwiOTkuMC4wLjAiXV0sMF0.&amp;dt=1715873313734&amp;bpp=2&amp;bdt=1627&amp;idt=2&amp;shv=r20240513&amp;mjsv=m202405090101&amp;ptt=9&amp;saldr=aa&amp;abxe=1&amp;cookie=ID%3Dda4b4484b480574c%3AT%3D1709034737%3ART%3D1715873313%3AS%3DALNI_MY6O2NBk401dBhJrx0NrhbYM8sdbg&amp;gpic=UID%3D00000a0ff763c9d7%3AT%3D1709034737%3ART%3D1715873313%3AS%3DALNI_Mb8-pFjtP2WwJRse5Mnk9E_elJKTw&amp;eo_id_str=ID%3Da1b575754217e4b3%3AT%3D1709211604%3ART%3D1715873313%3AS%3DAA-AfjaanN9u6UEPWAQeCcp4REVK&amp;prev_fmts=300x600%2C300x600%2C0x0%2C839x280&amp;nras=3&amp;correlator=5099751305822&amp;frm=20&amp;pv=1&amp;ga_vid=516258833.1709034737&amp;ga_sid=1715873313&amp;ga_hid=2048081945&amp;ga_fc=1&amp;ga_cid=1389922560.1715872979&amp;u_tz=-180&amp;u_his=3&amp;u_h=864&amp;u_w=1536&amp;u_ah=824&amp;u_aw=1536&amp;u_cd=24&amp;u_sd=1.25&amp;dmc=8&amp;adx=100&amp;ady=3072&amp;biw=1473&amp;bih=750&amp;scr_x=0&amp;scr_y=160&amp;eid=44759876%2C44759927%2C44759837%2C31083588%2C95330276%2C95331983%2C31083610%2C95331711%2C95332415%2C95333413&amp;oid=2&amp;pvsid=612838176124397&amp;tmod=160466589&amp;wsm=1&amp;uas=3&amp;nvt=1&amp;ref=https%3A%2F%2Fwww.eldiariodelapampa.com.ar%2F&amp;fc=384&amp;brdim=0%2C0%2C0%2C0%2C1536%2C0%2C1536%2C824%2C1488%2C750&amp;vis=1&amp;rsz=%7C%7Cs%7C&amp;abl=NS&amp;fu=128&amp;bc=31&amp;bz=1.03&amp;psd=W251bGwsbnVsbCxudWxsLDNd&amp;ifi=5&amp;uci=a!5&amp;btvi=3&amp;fsb=1&amp;dtd=15479\" name=\"aswift_4\" width=\"839\" height=\"0\" frameborder=\"0\" marginwidth=\"0\" marginheight=\"0\" scrolling=\"no\" sandbox=\"allow-forms allow-popups allow-popups-to-escape-sandbox allow-same-origin allow-scripts allow-top-navigation-by-user-activation\" data-google-container-id=\"a!5\" aria-label=\"Advertisement\" data-google-query-id=\"CJaMoqK-koYDFSWvOgUda4kJEQ\" data-load-complete=\"true\" data-mce-fragment=\"1\"><\/iframe><\/div>\n<p><\/ins><\/div>\n<p data-content-col=\"ok\" data-content-parag=\"Cantidad de caracteres exacta\">El jurado popular no tiene el deber de dar motivos de su decisi\u00f3n, como ocurre con las sentencias de los jueces t\u00e9cnicos.<\/p>\n<p data-content-col=\"ok\" data-content-parag=\"Cantidad de caracteres exacta\">Pero si lo declararon a Parra culpable es porque concluyeron que la fiscal\u00eda, con la adhesi\u00f3n de la querella, prob\u00f3 que el imputado fue el autor del ataque contra la v\u00edctima, que ocurri\u00f3 alrededor de las 19.34 del 2 de julio del 2022.<\/p>\n<p data-content-col=\"gray\" data-content-parag=\"Faltan 12 caracteres\" data-format=\"SUBTITULO\" data-status=\"ok\">C\u00f3mo fue el crimen<\/p>\n<p data-content-col=\"ok\" data-content-parag=\"Cantidad de caracteres exacta\">El ataque sucedi\u00f3 en el departamento que alquilaba Parra, ubicado en la planta baja de un complejo situado en la calle Confluencia al 1301 de Cipolletti. La joven fue golpeada. Sufri\u00f3 traumatismos de cr\u00e1neo y una fractura en una mano.<\/p>\n<p data-content-col=\"ok\" data-content-parag=\"Cantidad de caracteres exacta\">Muri\u00f3 el 5 de julio del 2022, en el hospital de Cipolletti. Ten\u00eda 19 a\u00f1os.<\/p>\n<div class=\"google-auto-placed ap_container\"><ins class=\"adsbygoogle adsbygoogle-noablate\" data-ad-format=\"auto\" data-ad-client=\"ca-pub-6403813037603277\" data-adsbygoogle-status=\"done\" data-ad-status=\"unfilled\"><\/p>\n<div id=\"aswift_5_host\"><iframe loading=\"lazy\" id=\"aswift_5\" tabindex=\"0\" title=\"Advertisement\" src=\"https:\/\/googleads.g.doubleclick.net\/pagead\/ads?client=ca-pub-6403813037603277&amp;output=html&amp;h=280&amp;adk=1909521250&amp;adf=1128626539&amp;pi=t.aa~a.2470000188~i.21~rp.4&amp;w=839&amp;abgtt=3&amp;fwrn=4&amp;fwrnh=100&amp;lmt=1715873373&amp;num_ads=1&amp;rafmt=1&amp;armr=3&amp;sem=mc&amp;pwprc=4381023474&amp;ad_type=text_image&amp;format=839x280&amp;url=https%3A%2F%2Fwww.eldiariodelapampa.com.ar%2Fla-pampa%2F34648%2Ffemicidio-de-agustina--que-pasara-con-pablo-parra-despues-de-ser-declarado-culpable&amp;fwr=0&amp;pra=3&amp;rh=200&amp;rw=839&amp;rpe=1&amp;resp_fmts=3&amp;wgl=1&amp;fa=27&amp;uach=WyJXaW5kb3dzIiwiMTAuMC4wIiwieDg2IiwiIiwiMTI0LjAuMjQ3OC45NyIsbnVsbCwwLG51bGwsIjY0IixbWyJDaHJvbWl1bSIsIjEyNC4wLjYzNjcuMjAxIl0sWyJNaWNyb3NvZnQgRWRnZSIsIjEyNC4wLjI0NzguOTciXSxbIk5vdC1BLkJyYW5kIiwiOTkuMC4wLjAiXV0sMF0.&amp;dt=1715873313742&amp;bpp=2&amp;bdt=1636&amp;idt=2&amp;shv=r20240513&amp;mjsv=m202405090101&amp;ptt=9&amp;saldr=aa&amp;abxe=1&amp;cookie=ID%3Dda4b4484b480574c%3AT%3D1709034737%3ART%3D1715873313%3AS%3DALNI_MY6O2NBk401dBhJrx0NrhbYM8sdbg&amp;gpic=UID%3D00000a0ff763c9d7%3AT%3D1709034737%3ART%3D1715873313%3AS%3DALNI_Mb8-pFjtP2WwJRse5Mnk9E_elJKTw&amp;eo_id_str=ID%3Da1b575754217e4b3%3AT%3D1709211604%3ART%3D1715873313%3AS%3DAA-AfjaanN9u6UEPWAQeCcp4REVK&amp;prev_fmts=300x600%2C300x600%2C0x0%2C839x280%2C839x280&amp;nras=4&amp;correlator=5099751305822&amp;frm=20&amp;pv=1&amp;ga_vid=516258833.1709034737&amp;ga_sid=1715873313&amp;ga_hid=2048081945&amp;ga_fc=1&amp;ga_cid=1389922560.1715872979&amp;u_tz=-180&amp;u_his=3&amp;u_h=864&amp;u_w=1536&amp;u_ah=824&amp;u_aw=1536&amp;u_cd=24&amp;u_sd=1.25&amp;dmc=8&amp;adx=100&amp;ady=3432&amp;biw=1473&amp;bih=750&amp;scr_x=0&amp;scr_y=442&amp;eid=44759876%2C44759927%2C44759837%2C31083588%2C95330276%2C95331983%2C31083610%2C95331711%2C95332415%2C95333413&amp;oid=2&amp;pvsid=612838176124397&amp;tmod=160466589&amp;wsm=1&amp;uas=3&amp;nvt=1&amp;ref=https%3A%2F%2Fwww.eldiariodelapampa.com.ar%2F&amp;fc=384&amp;brdim=0%2C0%2C0%2C0%2C1536%2C0%2C1536%2C824%2C1488%2C750&amp;vis=1&amp;rsz=%7C%7Cs%7C&amp;abl=NS&amp;fu=128&amp;bc=31&amp;bz=1.03&amp;psd=W251bGwsbnVsbCxudWxsLDNd&amp;ifi=6&amp;uci=a!6&amp;btvi=4&amp;fsb=1&amp;dtd=59745\" name=\"aswift_5\" width=\"839\" height=\"0\" frameborder=\"0\" marginwidth=\"0\" marginheight=\"0\" scrolling=\"no\" sandbox=\"allow-forms allow-popups allow-popups-to-escape-sandbox allow-same-origin allow-scripts allow-top-navigation-by-user-activation\" data-google-container-id=\"a!6\" aria-label=\"Advertisement\" data-google-query-id=\"CO-Dsre-koYDFcaROgUd9cAKLg\" data-load-complete=\"true\" data-mce-fragment=\"1\"><\/iframe><\/div>\n<p><\/ins><\/div>\n<p data-content-col=\"ok\" data-content-parag=\"Cantidad de caracteres exacta\">El fiscal jefe Santiago M\u00e1rquez Gauna y su par Mart\u00edn Pezzetta sostuvieron en los alegatos -previos a la deliberaci\u00f3n del jurado- que el detonante del ataque fue que Agustina mantuvo relaciones esa tarde de julio, con un joven, en su departamento, ubicado en el mismo complejo. Observaron que Parra los escuch\u00f3.<\/p>\n<p data-content-col=\"ok\" data-content-parag=\"Cantidad de caracteres exacta\">Seg\u00fan los acusadores p\u00fablico y privado Parra estaba obsesionado con la joven, que hab\u00eda llegado a principios de marzo del 2022 a Cipolletti, procedente de La Pampa, para estudiar Medicina en la Universidad Nacional del Comahue. Destacaron que la v\u00edctima lo rechazaba a Parra.<\/p>\n<p data-content-col=\"ok\" data-content-parag=\"Cantidad de caracteres exacta\">Los fiscales advirtieron al jurado que Parra planific\u00f3 el femicidio. Y que para desviar la investigaci\u00f3n simul\u00f3 que Agustina fue v\u00edctima de una persona que entr\u00f3 a robar y la atac\u00f3, en un momento que \u00e9l no estaba.<\/p>\n<p data-content-col=\"ok\" data-content-parag=\"Cantidad de caracteres exacta\">Los acusadores no presentaron testigos directos que se\u00f1alaran a Parra como el autor del ataque. Expusieron como prueba un pedazo de tela (vell\u00f3n) azul que hallaron en una concertina (el alambre espiralado de cuchillas) que estaba colocada sobre el muro perimetral del complejo. En esa tela hallaron rastros biol\u00f3gicos del imputado y de una empleada policial que levant\u00f3 esa muestra, pero los fiscales destacaron que el mayor aporte de ADN fue del acusado.<\/p>\n<div class=\"google-auto-placed ap_container\"><ins class=\"adsbygoogle adsbygoogle-noablate\" data-ad-format=\"auto\" data-ad-client=\"ca-pub-6403813037603277\" data-adsbygoogle-status=\"done\" data-ad-status=\"unfilled\"><\/p>\n<div id=\"aswift_6_host\"><\/div>\n<p><\/ins><\/div>\n<p data-content-col=\"ok\" data-content-parag=\"Cantidad de caracteres exacta\">Para los acusadores Parra trep\u00f3 y salt\u00f3 el muro para acceder al patio trasero de su departamento y atacar a traici\u00f3n a Agustina. Se\u00f1alaron que todos los indicios apuntaron al imputado.<\/p>\n<p data-content-col=\"ok\" data-content-parag=\"Cantidad de caracteres exacta\">Explicaron al jurado que Parra entr\u00f3 y atac\u00f3 a la v\u00edctima. Empuj\u00f3 la puerta de acceso, para impedir que Agustina escapara, le revienta una mano al cerrar la puerta, por eso, sufri\u00f3 fracturas de sus dedos. La tom\u00f3 de los pelos, la golpe\u00f3 contra un fut\u00f3n y despu\u00e9s la agredi\u00f3 con una llave.<\/p>\n<p data-content-col=\"ok\" data-content-parag=\"Cantidad de caracteres exacta\">\u00abHace dos a\u00f1os que veo esa puerta. \u00bfSaben lo que quiero hacer? Abrirla, para que Agustina se escape y se vaya con sus padres\u00bb, afirm\u00f3 Pezzetta ante el jurado. \u00abSe\u00f1ores miembros del jurado, la puerta que no se abri\u00f3, que no permiti\u00f3 que los sue\u00f1os de Agustina siguieran es la puerta que hoy tenemos que cerrar\u00bb, sostuvo M\u00e1rquez Gauna. \u00abY la tenemos que cerrar declarando culpable a quien le quit\u00f3 los sue\u00f1os a Agustina\u00bb, pidi\u00f3.<\/p>\n<p data-content-col=\"gray\" data-content-parag=\"Faltan 7 caracteres\" data-format=\"SUBTITULO\" data-status=\"ok\">Estrategia de la defensa<\/p>\n<p data-content-col=\"ok\" data-content-parag=\"Cantidad de caracteres exacta\">El defensor particular Juan Coto insisti\u00f3 en su alegato que Parra no fue el autor del ataque.<\/p>\n<p data-content-col=\"ok\" data-content-parag=\"Cantidad de caracteres exacta\">Abon\u00f3 la teor\u00eda de que un hombre entr\u00f3 a robar y se encontr\u00f3 con la joven en el departamento y la agredi\u00f3.<\/p>\n<div class=\"google-auto-placed ap_container\"><ins class=\"adsbygoogle adsbygoogle-noablate\" data-ad-format=\"auto\" data-ad-client=\"ca-pub-6403813037603277\" data-adsbygoogle-status=\"done\" data-ad-status=\"unfilled\"><\/p>\n<div id=\"aswift_7_host\"><\/div>\n<p><\/ins><\/div>\n<p data-content-col=\"ok\" data-content-parag=\"Cantidad de caracteres exacta\">Se\u00f1al\u00f3 las contradicciones de la investigaci\u00f3n. Indic\u00f3 que en las u\u00f1as de la v\u00edctima hallaron rastros gen\u00e9ticos que fueron cotejados con el ADN de Parra y dio resultado negativo. Asegur\u00f3 que los investigadores no cotejaron con otros posibles sospechosos.<\/p>\n<p data-content-col=\"ok\" data-content-parag=\"Cantidad de caracteres exacta\">Dijo que los acusadores solo presentaron conjeturas contra el imputado. Y plante\u00f3 que se obsesionaron con su asistido.<\/p>\n<p data-content-col=\"ok\" data-content-parag=\"Cantidad de caracteres exacta\">Observ\u00f3 que si Parra hubiese querido matar a Agustina, \u00bfpor qu\u00e9 la dej\u00f3 con vida? Cuestion\u00f3 las conclusiones del perito Eduardo Prueger, que afirm\u00f3 que es Parra una persona encapuchada grabada por c\u00e1maras de seguridad ubicadas en la zona, en el horario que ocurre el ataque contra la v\u00edctima. Prueger sostuvo que era Parra por la estatura y el color de las zapatillas, a partir de un an\u00e1lisis de esas filmaciones.<\/p>\n<div class=\"google-auto-placed ap_container\"><ins class=\"adsbygoogle adsbygoogle-noablate\" data-ad-format=\"auto\" data-ad-client=\"ca-pub-6403813037603277\" data-adsbygoogle-status=\"done\" data-ad-status=\"unfilled\"><\/p>\n<div id=\"aswift_8_host\"><\/div>\n<p><\/ins><\/div>\n<p data-content-col=\"ok\" data-content-parag=\"Cantidad de caracteres exacta\">Coto mostr\u00f3 ante el jurado que las zapatillas ten\u00edan otro color de suela. Y advirti\u00f3 que era err\u00f3nea la estimaci\u00f3n de la estatura a la que lleg\u00f3 Prueger.<\/p>\n<p data-content-col=\"ok\" data-content-parag=\"Cantidad de caracteres exacta\">\u00abLa c\u00e1rcel para un inocente como Parra es la impunidad del culpable\u00bb, asever\u00f3.<\/p>\n<p data-content-col=\"gray\" data-content-parag=\"Faltan 5 caracteres\" data-format=\"SUBTITULO\" data-status=\"ok\">Reacci\u00f3n ante el veredicto<\/p>\n<p data-content-col=\"ok\" data-content-parag=\"Cantidad de caracteres exacta\">Los padres de Agustina salieron del edificio y en la calle se fundieron en decenas de abrazos y muestras de afecto de militantes de organizaciones sociales, amigos y familiares de la v\u00edctima, que esperaron impacientes la decisi\u00f3n del jurado.<\/p>\n<p data-content-col=\"ok\" data-content-parag=\"Cantidad de caracteres exacta\">\u00abNo \u00edbamos a dejar que esto avanzara. Se hizo justicia. Esto no queda ac\u00e1 pedimos que avancemos como sociedad. Que la vida de Agus valga la pena\u00bb, expres\u00f3 Silvana Capello, madre de Agustina Fern\u00e1ndez.<\/p>\n<div class=\"google-auto-placed ap_container\"><ins class=\"adsbygoogle adsbygoogle-noablate\" data-ad-format=\"auto\" data-ad-client=\"ca-pub-6403813037603277\" data-adsbygoogle-status=\"done\" data-ad-status=\"unfilled\"><\/p>\n<div id=\"aswift_9_host\"><iframe loading=\"lazy\" id=\"aswift_9\" tabindex=\"0\" title=\"Advertisement\" src=\"https:\/\/googleads.g.doubleclick.net\/pagead\/ads?client=ca-pub-6403813037603277&amp;output=html&amp;h=280&amp;adk=1909521250&amp;adf=3330392890&amp;pi=t.aa~a.2470000188~i.43~rp.4&amp;w=839&amp;abgtt=3&amp;fwrn=4&amp;fwrnh=100&amp;lmt=1715873414&amp;num_ads=1&amp;rafmt=1&amp;armr=3&amp;sem=mc&amp;pwprc=4381023474&amp;ad_type=text_image&amp;format=839x280&amp;url=https%3A%2F%2Fwww.eldiariodelapampa.com.ar%2Fla-pampa%2F34648%2Ffemicidio-de-agustina--que-pasara-con-pablo-parra-despues-de-ser-declarado-culpable&amp;fwr=0&amp;pra=3&amp;rh=200&amp;rw=839&amp;rpe=1&amp;resp_fmts=3&amp;wgl=1&amp;fa=27&amp;uach=WyJXaW5kb3dzIiwiMTAuMC4wIiwieDg2IiwiIiwiMTI0LjAuMjQ3OC45NyIsbnVsbCwwLG51bGwsIjY0IixbWyJDaHJvbWl1bSIsIjEyNC4wLjYzNjcuMjAxIl0sWyJNaWNyb3NvZnQgRWRnZSIsIjEyNC4wLjI0NzguOTciXSxbIk5vdC1BLkJyYW5kIiwiOTkuMC4wLjAiXV0sMF0.&amp;dt=1715873313785&amp;bpp=2&amp;bdt=1678&amp;idt=2&amp;shv=r20240513&amp;mjsv=m202405090101&amp;ptt=9&amp;saldr=aa&amp;abxe=1&amp;cookie=ID%3Dda4b4484b480574c%3AT%3D1709034737%3ART%3D1715873313%3AS%3DALNI_MY6O2NBk401dBhJrx0NrhbYM8sdbg&amp;gpic=UID%3D00000a0ff763c9d7%3AT%3D1709034737%3ART%3D1715873313%3AS%3DALNI_Mb8-pFjtP2WwJRse5Mnk9E_elJKTw&amp;eo_id_str=ID%3Da1b575754217e4b3%3AT%3D1709211604%3ART%3D1715873313%3AS%3DAA-AfjaanN9u6UEPWAQeCcp4REVK&amp;prev_fmts=300x600%2C300x600%2C0x0%2C839x280%2C839x280%2C839x280%2C839x280%2C839x280%2C839x280&amp;nras=8&amp;correlator=5099751305822&amp;frm=20&amp;pv=1&amp;ga_vid=516258833.1709034737&amp;ga_sid=1715873313&amp;ga_hid=2048081945&amp;ga_fc=1&amp;ga_cid=1389922560.1715872979&amp;u_tz=-180&amp;u_his=3&amp;u_h=864&amp;u_w=1536&amp;u_ah=824&amp;u_aw=1536&amp;u_cd=24&amp;u_sd=1.25&amp;dmc=8&amp;adx=100&amp;ady=4919&amp;biw=1473&amp;bih=750&amp;scr_x=0&amp;scr_y=1946&amp;eid=44759876%2C44759927%2C44759837%2C31083588%2C95330276%2C95331983%2C31083610%2C95331711%2C95332415%2C95333413&amp;oid=2&amp;pvsid=612838176124397&amp;tmod=160466589&amp;wsm=1&amp;uas=3&amp;nvt=1&amp;ref=https%3A%2F%2Fwww.eldiariodelapampa.com.ar%2F&amp;fc=384&amp;brdim=0%2C0%2C0%2C0%2C1536%2C0%2C1536%2C824%2C1488%2C750&amp;vis=1&amp;rsz=%7C%7Cs%7C&amp;abl=NS&amp;fu=128&amp;bc=31&amp;bz=1.03&amp;psd=W251bGwsbnVsbCxudWxsLDNd&amp;ifi=10&amp;uci=a!a&amp;btvi=8&amp;fsb=1&amp;dtd=M\" name=\"aswift_9\" width=\"839\" height=\"0\" frameborder=\"0\" marginwidth=\"0\" marginheight=\"0\" scrolling=\"no\" sandbox=\"allow-forms allow-popups allow-popups-to-escape-sandbox allow-same-origin allow-scripts allow-top-navigation-by-user-activation\" data-google-container-id=\"a!a\" aria-label=\"Advertisement\" data-google-query-id=\"CMaSlMu-koYDFShcCAQd-UMLMA\" data-load-complete=\"true\" data-mce-fragment=\"1\"><\/iframe><\/div>\n<p><\/ins><\/div>\n<p data-content-col=\"ok\" data-content-parag=\"Cantidad de caracteres exacta\">Agradeci\u00f3 a la comunidad y asegur\u00f3 que ahora podr\u00e1n iniciar el duelo.<\/p>\n<div class=\"google-auto-placed ap_container\"><ins class=\"adsbygoogle adsbygoogle-noablate\" data-ad-format=\"auto\" data-ad-client=\"ca-pub-6403813037603277\" data-adsbygoogle-status=\"done\" data-ad-status=\"unfilled\"><\/p>\n<div id=\"aswift_10_host\"><iframe loading=\"lazy\" id=\"aswift_10\" tabindex=\"0\" title=\"Advertisement\" src=\"https:\/\/googleads.g.doubleclick.net\/pagead\/ads?client=ca-pub-6403813037603277&amp;output=html&amp;h=280&amp;adk=1909521250&amp;adf=2978229284&amp;pi=t.aa~a.2470000188~i.44~rp.4&amp;w=839&amp;abgtt=3&amp;fwrn=4&amp;fwrnh=100&amp;lmt=1715873415&amp;num_ads=1&amp;rafmt=1&amp;armr=3&amp;sem=mc&amp;pwprc=4381023474&amp;ad_type=text_image&amp;format=839x280&amp;url=https%3A%2F%2Fwww.eldiariodelapampa.com.ar%2Fla-pampa%2F34648%2Ffemicidio-de-agustina--que-pasara-con-pablo-parra-despues-de-ser-declarado-culpable&amp;fwr=0&amp;pra=3&amp;rh=200&amp;rw=839&amp;rpe=1&amp;resp_fmts=3&amp;wgl=1&amp;fa=27&amp;uach=WyJXaW5kb3dzIiwiMTAuMC4wIiwieDg2IiwiIiwiMTI0LjAuMjQ3OC45NyIsbnVsbCwwLG51bGwsIjY0IixbWyJDaHJvbWl1bSIsIjEyNC4wLjYzNjcuMjAxIl0sWyJNaWNyb3NvZnQgRWRnZSIsIjEyNC4wLjI0NzguOTciXSxbIk5vdC1BLkJyYW5kIiwiOTkuMC4wLjAiXV0sMF0.&amp;dt=1715873313791&amp;bpp=2&amp;bdt=1684&amp;idt=2&amp;shv=r20240513&amp;mjsv=m202405090101&amp;ptt=9&amp;saldr=aa&amp;abxe=1&amp;cookie=ID%3Dda4b4484b480574c%3AT%3D1709034737%3ART%3D1715873313%3AS%3DALNI_MY6O2NBk401dBhJrx0NrhbYM8sdbg&amp;gpic=UID%3D00000a0ff763c9d7%3AT%3D1709034737%3ART%3D1715873313%3AS%3DALNI_Mb8-pFjtP2WwJRse5Mnk9E_elJKTw&amp;eo_id_str=ID%3Da1b575754217e4b3%3AT%3D1709211604%3ART%3D1715873313%3AS%3DAA-AfjaanN9u6UEPWAQeCcp4REVK&amp;prev_fmts=300x600%2C300x600%2C0x0%2C839x280%2C839x280%2C839x280%2C839x280%2C839x280%2C839x280%2C839x280&amp;nras=9&amp;correlator=5099751305822&amp;frm=20&amp;pv=1&amp;ga_vid=516258833.1709034737&amp;ga_sid=1715873313&amp;ga_hid=2048081945&amp;ga_fc=1&amp;ga_cid=1389922560.1715872979&amp;u_tz=-180&amp;u_his=3&amp;u_h=864&amp;u_w=1536&amp;u_ah=824&amp;u_aw=1536&amp;u_cd=24&amp;u_sd=1.25&amp;dmc=8&amp;adx=100&amp;ady=5257&amp;biw=1473&amp;bih=750&amp;scr_x=0&amp;scr_y=2285&amp;eid=44759876%2C44759927%2C44759837%2C31083588%2C95330276%2C95331983%2C31083610%2C95331711%2C95332415%2C95333413&amp;oid=2&amp;pvsid=612838176124397&amp;tmod=160466589&amp;wsm=1&amp;uas=3&amp;nvt=1&amp;ref=https%3A%2F%2Fwww.eldiariodelapampa.com.ar%2F&amp;fc=384&amp;brdim=0%2C0%2C0%2C0%2C1536%2C0%2C1536%2C824%2C1488%2C750&amp;vis=1&amp;rsz=%7C%7Cs%7C&amp;abl=NS&amp;fu=128&amp;bc=31&amp;bz=1.03&amp;psd=W251bGwsbnVsbCxudWxsLDNd&amp;ifi=11&amp;uci=a!b&amp;btvi=9&amp;fsb=1&amp;dtd=M\" name=\"aswift_10\" width=\"839\" height=\"0\" frameborder=\"0\" marginwidth=\"0\" marginheight=\"0\" scrolling=\"no\" sandbox=\"allow-forms allow-popups allow-popups-to-escape-sandbox allow-same-origin allow-scripts allow-top-navigation-by-user-activation\" data-google-container-id=\"a!b\" aria-label=\"Advertisement\" data-google-query-id=\"CKGJnMu-koYDFQZeCAQd6UcP1g\" data-load-complete=\"true\" data-mce-fragment=\"1\"><\/iframe><\/div>\n<p><\/ins><\/div>\n<p data-content-col=\"ok\" data-content-parag=\"Cantidad de caracteres exacta\">\u00ab\u00a1Agustina presente!\u00bb, gritaron las personas que celebraron el veredicto de culpabilidad, junto a los padres de la joven estudiante universitaria.<\/p>\n<\/div>\n<\/div>\n<\/div>\n<div class=\"social\">\n<div class=\"col-sm-3\"><\/div>\n<\/div>\n<div id=\"entrevista_tpl6 hidden\" class=\"entrevista_sec_110 col-sm-3\"><\/div>\n<div id=\"textSpeech\" class=\"\"><\/div>\n","protected":false},"excerpt":{"rendered":"<p>El veredicto de culpabilidad fue un\u00e1nime tras dos horas y media de deliberaci\u00f3n.\u00a0\u00abSe hizo justicia\u00bb, afirm\u00f3 ayer la madre de la joven santarrose\u00f1a asesinada en Cipolletti. El jurado popular resolvi\u00f3 este mi\u00e9rcoles, por unanimidad, declarar a Pablo Parra culpable del femicidio de la joven santarrose\u00f1a Agustina Fern\u00e1ndez en Cipolletti. Parra permaneci\u00f3 varios segundos paralizado, en &hellip;<\/p>\n","protected":false},"author":5,"featured_media":33558,"comment_status":"open","ping_status":"open","sticky":false,"template":"","format":"standard","meta":{"_jetpack_memberships_contains_paid_content":false,"footnotes":"","jetpack_publicize_message":"","jetpack_publicize_feature_enabled":true,"jetpack_social_post_already_shared":true,"jetpack_social_options":{"image_generator_settings":{"template":"highway","default_image_id":0,"font":"","enabled":false},"version":2}},"categories":[5,7,8],"tags":[],"class_list":["post-33557","post","type-post","status-publish","format-standard","has-post-thumbnail","hentry","category-destacadas","category-nacionales","category-provinciales"],"jetpack_publicize_connections":[],"jetpack_featured_media_url":"https:\/\/i0.wp.com\/25informa.com\/web\/wp-content\/uploads\/2024\/05\/275015.webp?fit=860%2C452&ssl=1","jetpack-related-posts":[],"jetpack_sharing_enabled":true,"jetpack_likes_enabled":true,"_links":{"self":[{"href":"https:\/\/25informa.com\/web\/wp-json\/wp\/v2\/posts\/33557","targetHints":{"allow":["GET"]}}],"collection":[{"href":"https:\/\/25informa.com\/web\/wp-json\/wp\/v2\/posts"}],"about":[{"href":"https:\/\/25informa.com\/web\/wp-json\/wp\/v2\/types\/post"}],"author":[{"embeddable":true,"href":"https:\/\/25informa.com\/web\/wp-json\/wp\/v2\/users\/5"}],"replies":[{"embeddable":true,"href":"https:\/\/25informa.com\/web\/wp-json\/wp\/v2\/comments?post=33557"}],"version-history":[{"count":1,"href":"https:\/\/25informa.com\/web\/wp-json\/wp\/v2\/posts\/33557\/revisions"}],"predecessor-version":[{"id":33560,"href":"https:\/\/25informa.com\/web\/wp-json\/wp\/v2\/posts\/33557\/revisions\/33560"}],"wp:featuredmedia":[{"embeddable":true,"href":"https:\/\/25informa.com\/web\/wp-json\/wp\/v2\/media\/33558"}],"wp:attachment":[{"href":"https:\/\/25informa.com\/web\/wp-json\/wp\/v2\/media?parent=33557"}],"wp:term":[{"taxonomy":"category","embeddable":true,"href":"https:\/\/25informa.com\/web\/wp-json\/wp\/v2\/categories?post=33557"},{"taxonomy":"post_tag","embeddable":true,"href":"https:\/\/25informa.com\/web\/wp-json\/wp\/v2\/tags?post=33557"}],"curies":[{"name":"wp","href":"https:\/\/api.w.org\/{rel}","templated":true}]}}