{"id":33874,"date":"2024-07-31T09:12:45","date_gmt":"2024-07-31T12:12:45","guid":{"rendered":"https:\/\/25informa.com\/web\/?p=33874"},"modified":"2024-07-31T09:12:45","modified_gmt":"2024-07-31T12:12:45","slug":"ypf-definio-que-la-obra-mas-grande-de-la-historia-argentina-se-hara-en-rio-negro","status":"publish","type":"post","link":"https:\/\/25informa.com\/web\/ypf-definio-que-la-obra-mas-grande-de-la-historia-argentina-se-hara-en-rio-negro\/","title":{"rendered":"YPF defini\u00f3 que la obra m\u00e1s grande de la historia argentina se har\u00e1 en R\u00edo Negro"},"content":{"rendered":"<p>La petrolera estatal descart\u00f3 la posibilidad de instalarla en Bah\u00eda Blanca. El gobierno rionegrino se hab\u00eda adelantado para adherir al RIGI, lo que hab\u00eda sido rechazado por parte del gobernador bonaerense Axel Kicillof.<!--more--><span id=\"more-189998\"><\/span><\/p>\n<p>El directorio de YPF defini\u00f3 que la planta de Gas Natural Licuado (GNL) que planea construir en sociedad con Petronas se levantar\u00e1 en Punta Colorada, en la provincia de R\u00edo Negro. De esa forma, la conducci\u00f3n de la petrolera estatal descart\u00f3 la posibilidad de instalarla en Bah\u00eda Blanca, en la provincia de Buenos Aires.<\/p>\n<p>La construcci\u00f3n de la obra de infraestructura m\u00e1s importante de la historia argentina, que permitir\u00e1 la exportaci\u00f3n del gas de Vaca Muerta hacia mercados de todo el mundo, hab\u00eda generado una disputa entre Buenos Aires y R\u00edo Negro, que ofrec\u00edan su territorio para emplazarla. Un punto clave al respecto es que el gobierno rionegrino se hab\u00eda adelantado para adherir al RIGI, el sistema de ventajas impositivas para las grandes inversiones incluido en la Ley Bases. Esa adhesi\u00f3n hab\u00eda sido rechazada por parte del gobernador bonaerense Axel Kicillof.<\/p>\n","protected":false},"excerpt":{"rendered":"<p>La petrolera estatal descart\u00f3 la posibilidad de instalarla en Bah\u00eda Blanca. El gobierno rionegrino se hab\u00eda adelantado para adherir al RIGI, lo que hab\u00eda sido rechazado por parte del gobernador bonaerense Axel Kicillof. El directorio de YPF defini\u00f3 que la planta de Gas Natural Licuado (GNL) que planea construir en sociedad con Petronas se levantar\u00e1 &hellip;<\/p>\n","protected":false},"author":5,"featured_media":33875,"comment_status":"open","ping_status":"open","sticky":false,"template":"","format":"standard","meta":{"_jetpack_memberships_contains_paid_content":false,"footnotes":"","jetpack_publicize_message":"","jetpack_publicize_feature_enabled":true,"jetpack_social_post_already_shared":true,"jetpack_social_options":{"image_generator_settings":{"template":"highway","default_image_id":0,"font":"","enabled":false},"version":2}},"categories":[5,7],"tags":[],"class_list":["post-33874","post","type-post","status-publish","format-standard","has-post-thumbnail","hentry","category-destacadas","category-nacionales"],"jetpack_publicize_connections":[],"jetpack_featured_media_url":"https:\/\/i0.wp.com\/25informa.com\/web\/wp-content\/uploads\/2024\/07\/gnl-ypf.jpg?fit=743%2C357&ssl=1","jetpack-related-posts":[],"jetpack_sharing_enabled":true,"jetpack_likes_enabled":true,"_links":{"self":[{"href":"https:\/\/25informa.com\/web\/wp-json\/wp\/v2\/posts\/33874","targetHints":{"allow":["GET"]}}],"collection":[{"href":"https:\/\/25informa.com\/web\/wp-json\/wp\/v2\/posts"}],"about":[{"href":"https:\/\/25informa.com\/web\/wp-json\/wp\/v2\/types\/post"}],"author":[{"embeddable":true,"href":"https:\/\/25informa.com\/web\/wp-json\/wp\/v2\/users\/5"}],"replies":[{"embeddable":true,"href":"https:\/\/25informa.com\/web\/wp-json\/wp\/v2\/comments?post=33874"}],"version-history":[{"count":1,"href":"https:\/\/25informa.com\/web\/wp-json\/wp\/v2\/posts\/33874\/revisions"}],"predecessor-version":[{"id":33877,"href":"https:\/\/25informa.com\/web\/wp-json\/wp\/v2\/posts\/33874\/revisions\/33877"}],"wp:featuredmedia":[{"embeddable":true,"href":"https:\/\/25informa.com\/web\/wp-json\/wp\/v2\/media\/33875"}],"wp:attachment":[{"href":"https:\/\/25informa.com\/web\/wp-json\/wp\/v2\/media?parent=33874"}],"wp:term":[{"taxonomy":"category","embeddable":true,"href":"https:\/\/25informa.com\/web\/wp-json\/wp\/v2\/categories?post=33874"},{"taxonomy":"post_tag","embeddable":true,"href":"https:\/\/25informa.com\/web\/wp-json\/wp\/v2\/tags?post=33874"}],"curies":[{"name":"wp","href":"https:\/\/api.w.org\/{rel}","templated":true}]}}