{"id":36419,"date":"2026-03-09T09:47:52","date_gmt":"2026-03-09T12:47:52","guid":{"rendered":"https:\/\/25informa.com\/web\/?p=36419"},"modified":"2026-03-09T09:47:52","modified_gmt":"2026-03-09T12:47:52","slug":"conmocion-en-puelen-una-mujer-policia-se-quito-la-vida","status":"publish","type":"post","link":"https:\/\/25informa.com\/web\/conmocion-en-puelen-una-mujer-policia-se-quito-la-vida\/","title":{"rendered":"Conmoci\u00f3n en Puel\u00e9n: una mujer polic\u00eda se quit\u00f3 la vida"},"content":{"rendered":"<p>El\u00a0<strong>pueblo de Puel\u00e9n<\/strong>, en el oeste de La Pampa, se encuentra\u00a0<strong>conmocionado<\/strong>\u00a0por la muerte de una\u00a0<strong>joven polic\u00eda de solo 21 a\u00f1os<\/strong>, cuyo cuerpo fue hallado en las \u00faltimas horas y, de acuerdo con los primeros indicios,\u00a0<strong>se habr\u00eda quitado la vida con el arma reglamentaria<\/strong>. La joven era oriunda de Santa Rosa<strong>.<\/strong><span id=\"more-205346\"><\/span><!--more--><\/p>\n<p>En el lugar del hecho trabajan\u00a0<strong>autoridades policiales y judiciales<\/strong>, que realizan\u00a0<strong>pericias<\/strong>\u00a0para determinar con precisi\u00f3n\u00a0<strong>las circunstancias en las que la joven termin\u00f3 con su vida<\/strong>.<\/p>\n<p>La v\u00edctima llevaba\u00a0<strong>poco tiempo dentro de la fuerza policial<\/strong>, seg\u00fan pudo saber\u00a0de fuentes vinculadas a la investigaci\u00f3n.<\/p>\n<p>Por el momento, los investigadores\u00a0<strong>no difundieron detalles oficiales sobre la mec\u00e1nica del hecho<\/strong>, mientras avanzan las actuaciones correspondientes y se aguardan los resultados de las pericias.<\/p>\n<div id=\"inline-related-post\" class=\"mag-box mini-posts-box content-only\">\n<div class=\"container-wrapper\">\n<div class=\"mag-box-container clearfix\">\n<div class=\"post-widget-body \">\n<div class=\"post-meta\"><\/div>\n<\/div>\n<\/div>\n<\/div>\n<\/div>\n<p>En\u00a0<strong>2025<\/strong>\u00a0hubo varios casos de\u00a0<strong>suicidios o intentos de suicidio dentro de la Polic\u00eda de La Pampa<\/strong>\u00a0que tomaron estado p\u00fablico.<\/p>\n<p><strong>Estos episodios generaron preocupaci\u00f3n<\/strong>, porque el acceso al arma reglamentaria y las condiciones laborales suelen aparecer como factores de riesgo.<\/p>\n<p>En julio, un polic\u00eda de 24 a\u00f1os recibi\u00f3 un disparo en el abdomen en General Pico. En tanto, en agosto se produjo el suicidio de un polic\u00eda en un campo cercano a Santa Rosa. Tambi\u00e9n, en el mismo mes, una mujer polic\u00eda embarazada intent\u00f3 suicidarse en 25 de Mayo. Finalmente en octubre un polic\u00eda se mat\u00f3 en su casa en Santa Rosa.<\/p>\n<p>&nbsp;<\/p>\n","protected":false},"excerpt":{"rendered":"<p>El\u00a0pueblo de Puel\u00e9n, en el oeste de La Pampa, se encuentra\u00a0conmocionado\u00a0por la muerte de una\u00a0joven polic\u00eda de solo 21 a\u00f1os, cuyo cuerpo fue hallado en las \u00faltimas horas y, de acuerdo con los primeros indicios,\u00a0se habr\u00eda quitado la vida con el arma reglamentaria. La joven era oriunda de Santa Rosa. En el lugar del hecho &hellip;<\/p>\n","protected":false},"author":5,"featured_media":36420,"comment_status":"open","ping_status":"open","sticky":false,"template":"","format":"standard","meta":{"_jetpack_memberships_contains_paid_content":false,"footnotes":"","jetpack_publicize_message":"","jetpack_publicize_feature_enabled":true,"jetpack_social_post_already_shared":true,"jetpack_social_options":{"image_generator_settings":{"template":"highway","default_image_id":0,"font":"","enabled":false},"version":2}},"categories":[5,6],"tags":[],"class_list":["post-36419","post","type-post","status-publish","format-standard","has-post-thumbnail","hentry","category-destacadas","category-locales"],"jetpack_publicize_connections":[],"jetpack_featured_media_url":"https:\/\/i0.wp.com\/25informa.com\/web\/wp-content\/uploads\/2026\/03\/puelen-acceso-e1591230450643.jpg?fit=600%2C343&ssl=1","jetpack-related-posts":[],"jetpack_sharing_enabled":true,"jetpack_likes_enabled":true,"_links":{"self":[{"href":"https:\/\/25informa.com\/web\/wp-json\/wp\/v2\/posts\/36419","targetHints":{"allow":["GET"]}}],"collection":[{"href":"https:\/\/25informa.com\/web\/wp-json\/wp\/v2\/posts"}],"about":[{"href":"https:\/\/25informa.com\/web\/wp-json\/wp\/v2\/types\/post"}],"author":[{"embeddable":true,"href":"https:\/\/25informa.com\/web\/wp-json\/wp\/v2\/users\/5"}],"replies":[{"embeddable":true,"href":"https:\/\/25informa.com\/web\/wp-json\/wp\/v2\/comments?post=36419"}],"version-history":[{"count":1,"href":"https:\/\/25informa.com\/web\/wp-json\/wp\/v2\/posts\/36419\/revisions"}],"predecessor-version":[{"id":36422,"href":"https:\/\/25informa.com\/web\/wp-json\/wp\/v2\/posts\/36419\/revisions\/36422"}],"wp:featuredmedia":[{"embeddable":true,"href":"https:\/\/25informa.com\/web\/wp-json\/wp\/v2\/media\/36420"}],"wp:attachment":[{"href":"https:\/\/25informa.com\/web\/wp-json\/wp\/v2\/media?parent=36419"}],"wp:term":[{"taxonomy":"category","embeddable":true,"href":"https:\/\/25informa.com\/web\/wp-json\/wp\/v2\/categories?post=36419"},{"taxonomy":"post_tag","embeddable":true,"href":"https:\/\/25informa.com\/web\/wp-json\/wp\/v2\/tags?post=36419"}],"curies":[{"name":"wp","href":"https:\/\/api.w.org\/{rel}","templated":true}]}}