{"id":36626,"date":"2026-04-24T09:46:53","date_gmt":"2026-04-24T12:46:53","guid":{"rendered":"https:\/\/25informa.com\/web\/?p=36626"},"modified":"2026-04-24T09:46:53","modified_gmt":"2026-04-24T12:46:53","slug":"condenado-por-tener-videos-y-imagenes-de-contenido-sexual","status":"publish","type":"post","link":"https:\/\/25informa.com\/web\/condenado-por-tener-videos-y-imagenes-de-contenido-sexual\/","title":{"rendered":"CONDENADO POR TENER VIDEOS Y IM\u00c1GENES DE CONTENIDO SEXUAL"},"content":{"rendered":"<p style=\"font-weight: 400;\">El juez de control santarrose\u00f1o, N\u00e9stor Daniel Ralli, conden\u00f3 hoy a tres a\u00f1os de prisi\u00f3n en suspenso a St\u00e9fano Rodrigo Sosa Oberts como autor material y penalmente responsable de los delitos de divulgaci\u00f3n y tenencia de material de abuso sexual infantil.<!--more--><\/p>\n<p style=\"font-weight: 400;\">La sentencia fue dictada al homologar un acuerdo de juicio abreviado suscripto, en forma conjunta, por la fiscala Mar\u00eda Micaela Succurro, la defensora particular Susana Dacal y el propio imputado, un estudiante de 26 a\u00f1os.<\/p>\n<p style=\"font-weight: 400;\">Sosa Oberts admiti\u00f3 que utilizando un usuario con una cuenta de correo electr\u00f3nico en Gmail envi\u00f3 a otro usuario \u2013a trav\u00e9s de un mensaje de chat privado\u2013 ocho fotos y cinco videos con contenido de material de representaci\u00f3n sexual de ni\u00f1as, ni\u00f1os y adolescentes. Ello fue detectado por una red e informado al Ministerio P\u00fablico Fiscal por la Oficina de procesamiento de reportes Ncmec de la Unidad Fiscal Especializada en Delitos y Contravenciones Inform\u00e1ticas, dependiente de la Fiscal\u00eda General de Ciudad Aut\u00f3noma de Buenos Aires.<\/p>\n<p style=\"font-weight: 400;\">Asimismo, desde ese momento y durante cinco meses, \u201ctuvo en su poder en dos tel\u00e9fonos celulares\u201d material similar con videos e im\u00e1genes; constat\u00e1ndose con la apertura de ambos la existencia de 136 videos y 40 im\u00e1genes.<\/p>\n<p style=\"font-weight: 400;\">El Ncmec es el Centro Nacional para Ni\u00f1os Desaparecidos y Explotados, una organizaci\u00f3n privada sin fines de lucro fundada en 1984 por el Congreso de los Estados Unidos.<\/p>\n<p style=\"font-weight: 400;\">Como Oberts no registra antecedentes penales se le aplic\u00f3 una pena de ejecuci\u00f3n condicional y, por consiguiente, la exigencia de cumplir con las siguientes reglas de conducta durante dos a\u00f1os: fijar domicilio; someterse al cuidado de la Unidad de Abordaje, Supervisi\u00f3n y Orientaci\u00f3n para personas en conflicto con la ley penal; y realizar un tratamiento psicol\u00f3gico. Una vez que el fallo quede firme quedar\u00e1 incorporado al Registro de condenados por delitos contra la integridad sexual.<\/p>\n<p style=\"font-weight: 400;\">En los abreviados, los jueces y juezas no pueden imponer sanciones m\u00e1s gravosas que las requeridas por el Ministerio P\u00fablico Fiscal, porque as\u00ed lo dispone el C\u00f3digo Procesal Penal de La Pampa.<\/p>\n","protected":false},"excerpt":{"rendered":"<p>El juez de control santarrose\u00f1o, N\u00e9stor Daniel Ralli, conden\u00f3 hoy a tres a\u00f1os de prisi\u00f3n en suspenso a St\u00e9fano Rodrigo Sosa Oberts como autor material y penalmente responsable de los delitos de divulgaci\u00f3n y tenencia de material de abuso sexual infantil. La sentencia fue dictada al homologar un acuerdo de juicio abreviado suscripto, en forma &hellip;<\/p>\n","protected":false},"author":5,"featured_media":12685,"comment_status":"open","ping_status":"open","sticky":false,"template":"","format":"standard","meta":{"_jetpack_memberships_contains_paid_content":false,"footnotes":"","jetpack_publicize_message":"","jetpack_publicize_feature_enabled":true,"jetpack_social_post_already_shared":true,"jetpack_social_options":{"image_generator_settings":{"template":"highway","default_image_id":0,"font":"","enabled":false},"version":2}},"categories":[5,8],"tags":[],"class_list":["post-36626","post","type-post","status-publish","format-standard","has-post-thumbnail","hentry","category-destacadas","category-provinciales"],"jetpack_publicize_connections":[],"jetpack_featured_media_url":"https:\/\/i0.wp.com\/25informa.com\/web\/wp-content\/uploads\/2017\/09\/abusoinfantil222.jpg?fit=601%2C400&ssl=1","jetpack-related-posts":[],"jetpack_sharing_enabled":true,"jetpack_likes_enabled":true,"_links":{"self":[{"href":"https:\/\/25informa.com\/web\/wp-json\/wp\/v2\/posts\/36626","targetHints":{"allow":["GET"]}}],"collection":[{"href":"https:\/\/25informa.com\/web\/wp-json\/wp\/v2\/posts"}],"about":[{"href":"https:\/\/25informa.com\/web\/wp-json\/wp\/v2\/types\/post"}],"author":[{"embeddable":true,"href":"https:\/\/25informa.com\/web\/wp-json\/wp\/v2\/users\/5"}],"replies":[{"embeddable":true,"href":"https:\/\/25informa.com\/web\/wp-json\/wp\/v2\/comments?post=36626"}],"version-history":[{"count":1,"href":"https:\/\/25informa.com\/web\/wp-json\/wp\/v2\/posts\/36626\/revisions"}],"predecessor-version":[{"id":36628,"href":"https:\/\/25informa.com\/web\/wp-json\/wp\/v2\/posts\/36626\/revisions\/36628"}],"wp:featuredmedia":[{"embeddable":true,"href":"https:\/\/25informa.com\/web\/wp-json\/wp\/v2\/media\/12685"}],"wp:attachment":[{"href":"https:\/\/25informa.com\/web\/wp-json\/wp\/v2\/media?parent=36626"}],"wp:term":[{"taxonomy":"category","embeddable":true,"href":"https:\/\/25informa.com\/web\/wp-json\/wp\/v2\/categories?post=36626"},{"taxonomy":"post_tag","embeddable":true,"href":"https:\/\/25informa.com\/web\/wp-json\/wp\/v2\/tags?post=36626"}],"curies":[{"name":"wp","href":"https:\/\/api.w.org\/{rel}","templated":true}]}}