{"id":36651,"date":"2026-04-30T09:24:40","date_gmt":"2026-04-30T12:24:40","guid":{"rendered":"https:\/\/25informa.com\/web\/?p=36651"},"modified":"2026-04-30T09:24:40","modified_gmt":"2026-04-30T12:24:40","slug":"rucci-no-me-paro-ni-en-el-kirchnerismo-ni-en-el-macrismo-ni-en-el-mileismo-este-partido-es-para-los-trabajadores","status":"publish","type":"post","link":"https:\/\/25informa.com\/web\/rucci-no-me-paro-ni-en-el-kirchnerismo-ni-en-el-macrismo-ni-en-el-mileismo-este-partido-es-para-los-trabajadores\/","title":{"rendered":"Rucci: \u00abNo me paro ni en el kirchnerismo, ni en el macrismo, ni en el mile\u00edsmo. Este partido es para los trabajadores\u00bb"},"content":{"rendered":"<p>A pesar de la brisa fr\u00eda y en mitad de una semana laboral, cientos de personas se congregaron en el barrio La Meseta de la localidad de A\u00f1elo para acompa\u00f1ar al secretario general del Sindicato de Petroleros Privados, Marcelo Rucci, durante la apertura de una nueva base, tal como se denomina a las sedes pol\u00edticas de Fuerza Neuquina y Federal. El acto fue encabezado por Rucci, el secretario adjunto Ernesto Inal y la diputada provincial Daniela Rucci, entre otros miembros de la organizaci\u00f3n gremial petrolera.<!--more--><br \/>\n\u00abYo no voy a ser candidato. Vengo a decirles a ustedes que van a tener una oportunidad\u00bb, plante\u00f3 Rucci. Y explic\u00f3 por qu\u00e9 impulsa el nuevo espacio: \u00abQuiero formar un partido. No quiero depender m\u00e1s de un partido donde te ponen a dedo, donde trabajamos y trabajamos en vano\u00bb. Sobre el alcance del proyecto, precis\u00f3: \u00abEste partido nace de este sindicato, pero est\u00e1 hecho para todos los trabajadores, para los que tienen la necesidad de trabajar y para los que quieren una oportunidad\u00bb.<\/p>\n<p>Sobre la coyuntura nacional, tom\u00f3 distancia de los principales espacios pol\u00edticos: \u00abYo no me paro ni en el kirchnerismo, ni en el macrismo, ni en el mile\u00edsmo. Me paro en la realidad\u00bb. Y volvi\u00f3 a fijar la regla interna del armado: \u00abNinguno de nosotros va a ser candidato. El que quiera estar se lo tiene que ganar. No vamos a regalar lugares ni vamos a poner a nadie con el dedo\u00bb. Record\u00f3 adem\u00e1s que el gremio puso ambulancias a disposici\u00f3n de toda la comunidad: \u00abCuando me llaman y me piden una ambulancia, no voy a preguntar si es afiliado. Es la vida de una persona\u00bb.<\/p>\n<p><strong>Militancia, mujeres y resultados<\/strong><br \/>\nA su turno, el secretario general adjunto Ernesto Inal puso el acento en el esfuerzo y la militancia: \u00abMe ense\u00f1\u00f3 que los sue\u00f1os se cumplen, pero que nada es gratis, que hay que arremangarse, caminar y caminar y caminar para poder cumplir los sue\u00f1os\u00bb. Y reclam\u00f3 autocr\u00edtica frente a la coyuntura: \u00abHay que hacer una autocr\u00edtica constructiva y salir para adelante. Yo me levanto todos los d\u00edas para luchar por los trabajadores que confiaron en nosotros\u00bb.<br \/>\nInal destac\u00f3 tambi\u00e9n la incorporaci\u00f3n de mujeres a la industria: \u00abNo es cuesti\u00f3n de g\u00e9nero, sino de capacidad, y se han ganado el lugar\u00bb. Aport\u00f3 un dato concreto: durante los cuatro a\u00f1os de la actual gesti\u00f3n, la cantidad de mujeres en la actividad petrolera pas\u00f3 de 700 a m\u00e1s de 5.000. Y reivindic\u00f3 la capacidad de los trabajadores para ocupar lugares de decisi\u00f3n: \u00abLos trabajadores tambi\u00e9n podemos. Tenemos capacidad para estar en cualquier lugar. Ac\u00e1 no hay mentira, ac\u00e1 hay hechos\u00bb.<\/p>\n","protected":false},"excerpt":{"rendered":"<p>A pesar de la brisa fr\u00eda y en mitad de una semana laboral, cientos de personas se congregaron en el barrio La Meseta de la localidad de A\u00f1elo para acompa\u00f1ar al secretario general del Sindicato de Petroleros Privados, Marcelo Rucci, durante la apertura de una nueva base, tal como se denomina a las sedes pol\u00edticas &hellip;<\/p>\n","protected":false},"author":5,"featured_media":36652,"comment_status":"open","ping_status":"open","sticky":false,"template":"","format":"standard","meta":{"_jetpack_memberships_contains_paid_content":false,"footnotes":"","jetpack_publicize_message":"","jetpack_publicize_feature_enabled":true,"jetpack_social_post_already_shared":true,"jetpack_social_options":{"image_generator_settings":{"template":"highway","default_image_id":0,"font":"","enabled":false},"version":2}},"categories":[5,7],"tags":[],"class_list":["post-36651","post","type-post","status-publish","format-standard","has-post-thumbnail","hentry","category-destacadas","category-nacionales"],"jetpack_publicize_connections":[],"jetpack_featured_media_url":"https:\/\/i0.wp.com\/25informa.com\/web\/wp-content\/uploads\/2026\/04\/WhatsApp-Image-2026-04-29-at-19.27.19.jpeg?fit=1600%2C997&ssl=1","jetpack-related-posts":[],"jetpack_sharing_enabled":true,"jetpack_likes_enabled":true,"_links":{"self":[{"href":"https:\/\/25informa.com\/web\/wp-json\/wp\/v2\/posts\/36651","targetHints":{"allow":["GET"]}}],"collection":[{"href":"https:\/\/25informa.com\/web\/wp-json\/wp\/v2\/posts"}],"about":[{"href":"https:\/\/25informa.com\/web\/wp-json\/wp\/v2\/types\/post"}],"author":[{"embeddable":true,"href":"https:\/\/25informa.com\/web\/wp-json\/wp\/v2\/users\/5"}],"replies":[{"embeddable":true,"href":"https:\/\/25informa.com\/web\/wp-json\/wp\/v2\/comments?post=36651"}],"version-history":[{"count":1,"href":"https:\/\/25informa.com\/web\/wp-json\/wp\/v2\/posts\/36651\/revisions"}],"predecessor-version":[{"id":36654,"href":"https:\/\/25informa.com\/web\/wp-json\/wp\/v2\/posts\/36651\/revisions\/36654"}],"wp:featuredmedia":[{"embeddable":true,"href":"https:\/\/25informa.com\/web\/wp-json\/wp\/v2\/media\/36652"}],"wp:attachment":[{"href":"https:\/\/25informa.com\/web\/wp-json\/wp\/v2\/media?parent=36651"}],"wp:term":[{"taxonomy":"category","embeddable":true,"href":"https:\/\/25informa.com\/web\/wp-json\/wp\/v2\/categories?post=36651"},{"taxonomy":"post_tag","embeddable":true,"href":"https:\/\/25informa.com\/web\/wp-json\/wp\/v2\/tags?post=36651"}],"curies":[{"name":"wp","href":"https:\/\/api.w.org\/{rel}","templated":true}]}}