{"id":3789,"date":"2016-01-17T11:46:42","date_gmt":"2016-01-17T14:46:42","guid":{"rendered":"https:\/\/25informa.com\/?p=3789"},"modified":"2016-01-17T11:46:42","modified_gmt":"2016-01-17T14:46:42","slug":"boca-comenzo-el-ano-con-una-goleada-ante-emelec","status":"publish","type":"post","link":"https:\/\/25informa.com\/web\/boca-comenzo-el-ano-con-una-goleada-ante-emelec\/","title":{"rendered":"Boca comenz\u00f3 el a\u00f1o con una goleada ante Emelec"},"content":{"rendered":"<h3 style=\"text-align: justify;\"><span style=\"color: #000000;\">17\/01\/16 &#8211;\u00a0Gan\u00f3 3-0 en San Juan con goles del juvenil Alexis Messidoro, Cristian Pav\u00f3n y Federico Carrizo. Tevez fue titular y sali\u00f3 en el segundo tiempo.<\/span><\/h3>\n<h3 style=\"text-align: justify;\"><\/h3>\n<p>&nbsp;<\/p>\n<p>&nbsp;<\/p>\n<p>&nbsp;<\/p>\n<p>&nbsp;<\/p>\n<h3 style=\"text-align: justify;\"><span style=\"color: #000000;\"><b>Boca <\/b>comenz\u00f3 el 2016 con un claro triunfo ante <b>Emelec<\/b> de Ecuador en el marco de la Copa Cruce de los Andes. \u00abEl Xeneize\u00bb se impuso por <b>3-0<\/b> en el encuentro que se disput\u00f3 en el estadio Bicentenario de San Juan.<\/span><\/h3>\n<h3 style=\"text-align: justify;\"><\/h3>\n<h3 style=\"text-align: justify;\"><\/h3>\n<h3 style=\"text-align: justify;\"><\/h3>\n<h3 style=\"text-align: justify;\"><\/h3>\n<h3 style=\"text-align: justify;\"><span style=\"color: #000000;\">Rodolfo Arruabarruena<b> apost\u00f3 a todos los titulares <\/b>que ten\u00eda a su disposici\u00f3n para el primer partido del a\u00f1o. A excepci\u00f3n de Daniel Osvaldo y Gino Peruzzi, ambos poni\u00e9ndose a punto en lo f\u00edsico, \u00abEl Xeneize\u00bb jug\u00f3 con los futbolistas que ser\u00e1n la base del equipo en el 2016. <b>Carlos Tevez fue titular.<\/b><\/span><\/h3>\n<h3 style=\"text-align: justify;\"><\/h3>\n<h3 style=\"text-align: justify;\"><\/h3>\n<h3 style=\"text-align: justify;\"><\/h3>\n<h3 style=\"text-align: justify;\"><\/h3>\n<h3 style=\"text-align: justify;\"><span style=\"color: #000000;\">El DT decidi\u00f3, adem\u00e1s<b>, darle rodaje a refuerzos<\/b> como Leonardo Jara y Jonathan Silva. El segundo fue uno de los jugadores que m\u00e1s actividad tuvo en una primera etapa deslucida. El lateral izquierdo tuvo mucho recorrido por su banda y particip\u00f3 activamente del juego.<\/span><\/h3>\n<h3 style=\"text-align: justify;\"><\/h3>\n<h3 style=\"text-align: justify;\"><\/h3>\n<h3 style=\"text-align: justify;\"><\/h3>\n<h3 style=\"text-align: justify;\"><\/h3>\n<h3 style=\"text-align: justify;\"><span style=\"color: #000000;\">Los primeros 45 minutos tan solo dejaron algunos <\/span><span style=\"color: #000000;\">destellos de Nicol\u00e1s Lodeiro y la claridad de Carlos Tevez que, como de costumbre, fue el jugador m\u00e1s peligroso del elenco argentino.<\/span><\/h3>\n<h3 style=\"text-align: justify;\"><\/h3>\n<h3 style=\"text-align: justify;\"><\/h3>\n<h3 style=\"text-align: justify;\"><\/h3>\n<h3 style=\"text-align: justify;\"><\/h3>\n<h3 style=\"text-align: justify;\"><span style=\"color: #000000;\">La \u00fanica llegada de peligro de la etapa se dio en el cierre de la misma. En el minuto 46&#8242;, tras un centro desde la izquierda y una mala cobertura de la defensa de Emelec, Pablo P\u00e9rez cabece\u00f3 en soledad para que el arquero Esteban Dreer termine encontrando la pelota y salvando el cero en su valla.<\/span><\/h3>\n<h3 style=\"text-align: justify;\"><\/h3>\n<h3 style=\"text-align: justify;\"><\/h3>\n<h3 style=\"text-align: justify;\"><\/h3>\n<h3 style=\"text-align: justify;\"><\/h3>\n<h3 style=\"text-align: justify;\"><span style=\"color: #000000;\">En el complemento, \u00abEl Vasco\u00bb decidi\u00f3 cambiar pr\u00e1cticamente a todo el equipo y la frescura que le imprimieron los juveniles iba a rendir sus frutos. A los 13&#8242;, el ingresado <b>Alexis Messidoro <\/b>rob\u00f3 una pelota en la salida de Emelec, combin\u00f3 con un compa\u00f1ero y, finalmente, defini\u00f3 por lo bajo al lado del palo derecho del arquero para abrir el marcador.<\/span><\/h3>\n<h3 style=\"text-align: justify;\"><\/h3>\n<h3 style=\"text-align: justify;\"><\/h3>\n<h3 style=\"text-align: justify;\"><\/h3>\n<h3 style=\"text-align: justify;\"><\/h3>\n<h3 style=\"text-align: justify;\"><span style=\"color: #000000;\">Solo dos minutos iba a tardar el conjunto de la ribera en ampliar la cuenta. Ya sin Tevez en cancha, nuevamente Messidoro inici\u00f3 la jugada y asisti\u00f3 en gran forma a <b>Cristian Pav\u00f3n<\/b>, quien sentenci\u00f3 el 2-0 con un remate ante la salida desesperada del arquero.<\/span><\/h3>\n<h3 style=\"text-align: justify;\"><\/h3>\n<h3 style=\"text-align: justify;\"><\/h3>\n<h3 style=\"text-align: justify;\"><\/h3>\n<h3 style=\"text-align: justify;\"><\/h3>\n<h3 style=\"text-align: justify;\"><span style=\"color: #000000;\">Con la ventaja en su poder, Boca sac\u00f3 el pie del acelerador y cedi\u00f3 terreno y pelota al conjunto ecuatoriano, que jam\u00e1s encontr\u00f3 los caminos para lastimarlo. A\u00fan as\u00ed, \u00abEl Xeneize\u00bb logr\u00f3 el tercer gol ya en tiempo de descuento, con una aparici\u00f3n de cabeza de<b> Federico Carrizo.<\/b><\/span><\/h3>\n<h3 style=\"text-align: justify;\"><\/h3>\n<h3 style=\"text-align: justify;\"><\/h3>\n<h3 style=\"text-align: justify;\"><\/h3>\n<h3 style=\"text-align: justify;\"><\/h3>\n<h3 style=\"text-align: justify;\"><span style=\"color: #000000;\">Para el final solo qued\u00f3 el <b>ingreso de dos ni\u00f1os al campo de juego<\/b>, que fueron directamente a abrazar a Andr\u00e9s Chavez. El delantero tuvo un gran gesto al acompa\u00f1arlos mientras eran retirados de la cancha por los agentes de seguridad.<\/span><\/h3>\n<h3 style=\"text-align: justify;\"><\/h3>\n<h3 style=\"text-align: justify;\"><\/h3>\n<h3 style=\"text-align: justify;\"><\/h3>\n<h3 style=\"text-align: justify;\"><\/h3>\n<h3 style=\"text-align: justify;\"><span style=\"color: #000000;\">El pr\u00f3ximo partido de Boca ser\u00e1 el mi\u00e9rcoles, en Mar del Plata, ante <b>Racing <\/b>en el marco de la Copa de Oro. Luego, el equipo de Arruabarruena enfrentar\u00e1 a<b> River, <\/b>el s\u00e1bado, en el que ser\u00e1 el\u00a0<b>primer Supercl\u00e1sico del a\u00f1o.<\/b><\/span><\/h3>\n<p>&nbsp;<\/p>\n<p>&nbsp;<\/p>\n<p>&nbsp;<\/p>\n","protected":false},"excerpt":{"rendered":"<p>17\/01\/16 &#8211;\u00a0Gan\u00f3 3-0 en San Juan con goles del juvenil Alexis Messidoro, Cristian Pav\u00f3n y Federico Carrizo. Tevez fue titular y sali\u00f3 en el segundo tiempo. &nbsp; &nbsp; &nbsp; &nbsp; Boca comenz\u00f3 el 2016 con un claro triunfo ante Emelec de Ecuador en el marco de la Copa Cruce de los Andes. \u00abEl Xeneize\u00bb se &hellip;<\/p>\n","protected":false},"author":2,"featured_media":3790,"comment_status":"open","ping_status":"open","sticky":false,"template":"","format":"standard","meta":{"_jetpack_memberships_contains_paid_content":false,"footnotes":"","jetpack_publicize_message":"","jetpack_publicize_feature_enabled":true,"jetpack_social_post_already_shared":false,"jetpack_social_options":{"image_generator_settings":{"template":"highway","default_image_id":0,"font":"","enabled":false},"version":2}},"categories":[4,3,9],"tags":[],"class_list":["post-3789","post","type-post","status-publish","format-standard","has-post-thumbnail","hentry","category-deportes","category-noticias","category-sin-categorizar"],"jetpack_publicize_connections":[],"jetpack_featured_media_url":"https:\/\/i0.wp.com\/25informa.com\/web\/wp-content\/uploads\/2016\/01\/boca-gano-emelec.jpg?fit=770%2C434&ssl=1","jetpack-related-posts":[],"jetpack_sharing_enabled":true,"jetpack_likes_enabled":true,"_links":{"self":[{"href":"https:\/\/25informa.com\/web\/wp-json\/wp\/v2\/posts\/3789","targetHints":{"allow":["GET"]}}],"collection":[{"href":"https:\/\/25informa.com\/web\/wp-json\/wp\/v2\/posts"}],"about":[{"href":"https:\/\/25informa.com\/web\/wp-json\/wp\/v2\/types\/post"}],"author":[{"embeddable":true,"href":"https:\/\/25informa.com\/web\/wp-json\/wp\/v2\/users\/2"}],"replies":[{"embeddable":true,"href":"https:\/\/25informa.com\/web\/wp-json\/wp\/v2\/comments?post=3789"}],"version-history":[{"count":0,"href":"https:\/\/25informa.com\/web\/wp-json\/wp\/v2\/posts\/3789\/revisions"}],"wp:featuredmedia":[{"embeddable":true,"href":"https:\/\/25informa.com\/web\/wp-json\/wp\/v2\/media\/3790"}],"wp:attachment":[{"href":"https:\/\/25informa.com\/web\/wp-json\/wp\/v2\/media?parent=3789"}],"wp:term":[{"taxonomy":"category","embeddable":true,"href":"https:\/\/25informa.com\/web\/wp-json\/wp\/v2\/categories?post=3789"},{"taxonomy":"post_tag","embeddable":true,"href":"https:\/\/25informa.com\/web\/wp-json\/wp\/v2\/tags?post=3789"}],"curies":[{"name":"wp","href":"https:\/\/api.w.org\/{rel}","templated":true}]}}