{"id":5031,"date":"2016-02-13T12:40:49","date_gmt":"2016-02-13T15:40:49","guid":{"rendered":"https:\/\/25informa.com\/?p=5031"},"modified":"2016-02-13T12:40:49","modified_gmt":"2016-02-13T15:40:49","slug":"emotiva-carta-de-agradecimiento-del-pato-toranzo-con-detalles-del-accidente","status":"publish","type":"post","link":"https:\/\/25informa.com\/web\/emotiva-carta-de-agradecimiento-del-pato-toranzo-con-detalles-del-accidente\/","title":{"rendered":"Emotiva carta de agradecimiento del Pato Toranzo, con detalles del accidente"},"content":{"rendered":"<h3 style=\"text-align: justify;\"><span style=\"color: #000000;\">13\/02\/16 &#8211; Despu\u00e9s del <b><u>accidente sufrido en Venezuela<\/u><\/b>, el plantel completo de Hurac\u00e1n est\u00e1 en Buenos Aires, incluido Patricio Toranzo, quien se llev\u00f3 la peor parte y <b><u><a style=\"color: #000000;\" href=\"http:\/\/www.infobae.com\/2016\/02\/12\/1789477-huracan-toranzo-mendoza-y-santella-regresaron-al-pais-un-avion-sanitario\">viaj\u00f3 en un avi\u00f3n sanitario<\/a><\/u><\/b>. Tras ser operado, public\u00f3 un comunicado y revel\u00f3: <b>\u00abHubo gritos de desesperaci\u00f3n y mucha angustia\u00bb<\/b>.<\/span><\/h3>\n<h3 style=\"text-align: justify;\"><\/h3>\n<p>&nbsp;<\/p>\n<p>&nbsp;<\/p>\n<p>&nbsp;<\/p>\n<h3 style=\"text-align: justify;\"><span style=\"color: #000000;\">Algunos todav\u00eda no caen de haber estado al borde de la muerte. Fue una<i> desgracia con suerte<\/i>, como la llaman, porque las consecuencias pudieron haber sido mucho peores. <b>Patricio Toranzo<\/b> es el jugador que m\u00e1s tardar\u00e1 en recuperarse y mientras debaten si podr\u00e1 volver a competir profesionalmente, \u00e9l quiso agradecer al Pueblo Quemero y el mundo del f\u00fatbol en general por el apoyo recibido en estas horas dif\u00edciles.<\/span><\/h3>\n<p>&nbsp;<\/p>\n<p>&nbsp;<\/p>\n<p><img data-recalc-dims=\"1\" loading=\"lazy\" decoding=\"async\" class=\"aligncenter size-full wp-image-5033\" src=\"https:\/\/i0.wp.com\/25informa.com\/wp-content\/uploads\/2016\/02\/carta-toranzo.jpg?resize=600%2C552&#038;ssl=1\" alt=\"carta toranzo\" width=\"600\" height=\"552\" srcset=\"https:\/\/i0.wp.com\/25informa.com\/web\/wp-content\/uploads\/2016\/02\/carta-toranzo.jpg?w=600&amp;ssl=1 600w, https:\/\/i0.wp.com\/25informa.com\/web\/wp-content\/uploads\/2016\/02\/carta-toranzo.jpg?resize=300%2C276&amp;ssl=1 300w, https:\/\/i0.wp.com\/25informa.com\/web\/wp-content\/uploads\/2016\/02\/carta-toranzo.jpg?resize=320%2C294&amp;ssl=1 320w, https:\/\/i0.wp.com\/25informa.com\/web\/wp-content\/uploads\/2016\/02\/carta-toranzo.jpg?resize=360%2C331&amp;ssl=1 360w\" sizes=\"auto, (max-width: 600px) 100vw, 600px\" \/><\/p>\n<p>&nbsp;<\/p>\n<h3 style=\"text-align: justify;\"><span style=\"color: #000000;\">En un comunicado que circula por las redes sociales, el <i>Pato <\/i>destac\u00f3 la preocupaci\u00f3n por la que debi\u00f3 atravesar su familia, a miles de kil\u00f3metros de dis\u00ceetancia. Y algunas l\u00edneas de su carta le provocan estupor a cualquiera: <b>\u00abNo sab\u00edamos d\u00f3nde \u00edbamos a terminar, hubo gritos de desesperaci\u00f3n, mucha angustia y todos desesperados para ponernos los cinturones que no hab\u00eda\u00bb. <\/b><\/span><\/h3>\n<p>&nbsp;<\/p>\n<p>&nbsp;<\/p>\n<p>&nbsp;<\/p>\n<h3 style=\"text-align: justify;\"><span style=\"color: #000000;\">Al mediocampista del <i>Globo <\/i>le qued\u00f3 grabada <b>la imagen de Diego Mendoza<\/b>, <b><u><a style=\"color: #000000;\" href=\"http:\/\/www.infobae.com\/2016\/02\/11\/1789294-mendoza-uno-los-heridos-huracan-pense-que-no-seguiria-vivo-queria-saber-si-habia-algun-fallecido\">otro de los que sufri\u00f3 por dem\u00e1s<\/a><\/u><\/b>del episodio en Venezuela, con su mirada cruzada y la impotencia de no poder hacer nada debido a las serias heridas que hab\u00edan sufrido. <\/span><\/h3>\n<p>&nbsp;<\/p>\n<p>&nbsp;<\/p>\n<div class=\"embed_copyright\"><\/div>\n<div id=\"embed34_wrap\" class=\"embed_cont type_freetext\">\n<div id=\"embed34_copyright\" class=\"embed_copyright\"><span style=\"color: #000000;\">\u00a0<\/span><\/div>\n<\/div>\n<h3 style=\"text-align: justify;\"><span style=\"color: #000000;\">Mientras los equipos <b><u>contin\u00faan dando muestras de solidaridad<\/u><\/b> hasta en los partidos de la segunda jornada (Hurac\u00e1n posterg\u00f3 su compromiso ante Tigre y pretende hacer lo mismo con todos pactados en febrero), Toranzo envi\u00f3 un mensaje de optimismo y agradecimiento.<\/span><\/h3>\n<p>&nbsp;<\/p>\n<p>&nbsp;<\/p>\n<p>&nbsp;<\/p>\n<p>&nbsp;<\/p>\n","protected":false},"excerpt":{"rendered":"<p>13\/02\/16 &#8211; Despu\u00e9s del accidente sufrido en Venezuela, el plantel completo de Hurac\u00e1n est\u00e1 en Buenos Aires, incluido Patricio Toranzo, quien se llev\u00f3 la peor parte y viaj\u00f3 en un avi\u00f3n sanitario. Tras ser operado, public\u00f3 un comunicado y revel\u00f3: \u00abHubo gritos de desesperaci\u00f3n y mucha angustia\u00bb. &nbsp; &nbsp; &nbsp; Algunos todav\u00eda no caen de &hellip;<\/p>\n","protected":false},"author":2,"featured_media":5032,"comment_status":"open","ping_status":"open","sticky":false,"template":"","format":"standard","meta":{"_jetpack_memberships_contains_paid_content":false,"footnotes":"","jetpack_publicize_message":"","jetpack_publicize_feature_enabled":true,"jetpack_social_post_already_shared":false,"jetpack_social_options":{"image_generator_settings":{"template":"highway","default_image_id":0,"font":"","enabled":false},"version":2}},"categories":[4,3,9],"tags":[],"class_list":["post-5031","post","type-post","status-publish","format-standard","has-post-thumbnail","hentry","category-deportes","category-noticias","category-sin-categorizar"],"jetpack_publicize_connections":[],"jetpack_featured_media_url":"https:\/\/i0.wp.com\/25informa.com\/web\/wp-content\/uploads\/2016\/02\/toranzo-huracan.jpg?fit=770%2C433&ssl=1","jetpack-related-posts":[],"jetpack_sharing_enabled":true,"jetpack_likes_enabled":true,"_links":{"self":[{"href":"https:\/\/25informa.com\/web\/wp-json\/wp\/v2\/posts\/5031","targetHints":{"allow":["GET"]}}],"collection":[{"href":"https:\/\/25informa.com\/web\/wp-json\/wp\/v2\/posts"}],"about":[{"href":"https:\/\/25informa.com\/web\/wp-json\/wp\/v2\/types\/post"}],"author":[{"embeddable":true,"href":"https:\/\/25informa.com\/web\/wp-json\/wp\/v2\/users\/2"}],"replies":[{"embeddable":true,"href":"https:\/\/25informa.com\/web\/wp-json\/wp\/v2\/comments?post=5031"}],"version-history":[{"count":0,"href":"https:\/\/25informa.com\/web\/wp-json\/wp\/v2\/posts\/5031\/revisions"}],"wp:featuredmedia":[{"embeddable":true,"href":"https:\/\/25informa.com\/web\/wp-json\/wp\/v2\/media\/5032"}],"wp:attachment":[{"href":"https:\/\/25informa.com\/web\/wp-json\/wp\/v2\/media?parent=5031"}],"wp:term":[{"taxonomy":"category","embeddable":true,"href":"https:\/\/25informa.com\/web\/wp-json\/wp\/v2\/categories?post=5031"},{"taxonomy":"post_tag","embeddable":true,"href":"https:\/\/25informa.com\/web\/wp-json\/wp\/v2\/tags?post=5031"}],"curies":[{"name":"wp","href":"https:\/\/api.w.org\/{rel}","templated":true}]}}