{"id":5035,"date":"2016-02-13T12:56:23","date_gmt":"2016-02-13T15:56:23","guid":{"rendered":"https:\/\/25informa.com\/?p=5035"},"modified":"2016-02-13T12:56:23","modified_gmt":"2016-02-13T15:56:23","slug":"puelen-tras-la-caida-del-rayo-cerraron-por-dos-semanas-el-camping","status":"publish","type":"post","link":"https:\/\/25informa.com\/web\/puelen-tras-la-caida-del-rayo-cerraron-por-dos-semanas-el-camping\/","title":{"rendered":"Puel\u00e9n: Tras la ca\u00edda del rayo, cerraron por dos semanas el camping"},"content":{"rendered":"<h3 style=\"text-align: justify;\"><span style=\"color: #000000;\">13\/02\/16 &#8211; 25 de Mayo &#8211; Las autoridades municipales determinaron, en las \u00faltimas horas, cerrar por dos semanas el camping de la localidad de Puel\u00e9n, luego del tr\u00e1gico deceso de una mujer oriunda da Catriel, por la ca\u00edda de un rayo, el pasado mi\u00e9rcoles en la zona de la arboleda del complejo. Adem\u00e1s se pudo saber que se quem\u00f3 un tablero el\u00e9ctrico y hubo rotura del sistema de bombas.<\/span><\/h3>\n<h3 style=\"text-align: justify;\"><\/h3>\n<p>&nbsp;<\/p>\n<p>&nbsp;<\/p>\n<p>&nbsp;<\/p>\n<p><img data-recalc-dims=\"1\" loading=\"lazy\" decoding=\"async\" class=\"aligncenter size-full wp-image-4894\" src=\"https:\/\/i0.wp.com\/25informa.com\/wp-content\/uploads\/2016\/02\/IMG-20160210-WA0018.jpg?resize=797%2C503&#038;ssl=1\" alt=\"IMG-20160210-WA0018\" width=\"797\" height=\"503\" srcset=\"https:\/\/i0.wp.com\/25informa.com\/web\/wp-content\/uploads\/2016\/02\/IMG-20160210-WA0018.jpg?w=797&amp;ssl=1 797w, https:\/\/i0.wp.com\/25informa.com\/web\/wp-content\/uploads\/2016\/02\/IMG-20160210-WA0018.jpg?resize=300%2C189&amp;ssl=1 300w, https:\/\/i0.wp.com\/25informa.com\/web\/wp-content\/uploads\/2016\/02\/IMG-20160210-WA0018.jpg?resize=768%2C485&amp;ssl=1 768w, https:\/\/i0.wp.com\/25informa.com\/web\/wp-content\/uploads\/2016\/02\/IMG-20160210-WA0018.jpg?resize=320%2C202&amp;ssl=1 320w, https:\/\/i0.wp.com\/25informa.com\/web\/wp-content\/uploads\/2016\/02\/IMG-20160210-WA0018.jpg?resize=640%2C404&amp;ssl=1 640w, https:\/\/i0.wp.com\/25informa.com\/web\/wp-content\/uploads\/2016\/02\/IMG-20160210-WA0018.jpg?resize=360%2C227&amp;ssl=1 360w, https:\/\/i0.wp.com\/25informa.com\/web\/wp-content\/uploads\/2016\/02\/IMG-20160210-WA0018.jpg?resize=720%2C454&amp;ssl=1 720w\" sizes=\"auto, (max-width: 797px) 100vw, 797px\" \/><\/p>\n<p>&nbsp;<\/p>\n<p>&nbsp;<\/p>\n<p>&nbsp;<\/p>\n<p>&nbsp;<\/p>\n<h3 style=\"text-align: justify;\"><span style=\"color: #000000;\">El ejecutivo municipal de la localidad de Puel\u00e9n, distante 50 km de 25 de Mayo, tom\u00f3 la decisi\u00f3n de cerrar por dos semanas el camping,\u00a0complejo tur\u00edstico basado en una de las tantas surgentes que existen en la zona, donde hay varias piletas, que son las atracci\u00f3n de los veraneantes de la regi\u00f3n\u00a0y turistas circunstanciales.<\/span><\/h3>\n<p>&nbsp;<\/p>\n<p>&nbsp;<\/p>\n<p>&nbsp;<\/p>\n<p>&nbsp;<\/p>\n<h3 style=\"text-align: justify;\"><img data-recalc-dims=\"1\" loading=\"lazy\" decoding=\"async\" class=\"aligncenter size-full wp-image-4896\" src=\"https:\/\/i0.wp.com\/25informa.com\/wp-content\/uploads\/2016\/02\/IMG-20160210-WA0021.jpg?resize=800%2C600&#038;ssl=1\" alt=\"IMG-20160210-WA0021\" width=\"800\" height=\"600\" srcset=\"https:\/\/i0.wp.com\/25informa.com\/web\/wp-content\/uploads\/2016\/02\/IMG-20160210-WA0021.jpg?w=800&amp;ssl=1 800w, https:\/\/i0.wp.com\/25informa.com\/web\/wp-content\/uploads\/2016\/02\/IMG-20160210-WA0021.jpg?resize=300%2C225&amp;ssl=1 300w, https:\/\/i0.wp.com\/25informa.com\/web\/wp-content\/uploads\/2016\/02\/IMG-20160210-WA0021.jpg?resize=768%2C576&amp;ssl=1 768w, https:\/\/i0.wp.com\/25informa.com\/web\/wp-content\/uploads\/2016\/02\/IMG-20160210-WA0021.jpg?resize=320%2C240&amp;ssl=1 320w, https:\/\/i0.wp.com\/25informa.com\/web\/wp-content\/uploads\/2016\/02\/IMG-20160210-WA0021.jpg?resize=640%2C480&amp;ssl=1 640w, https:\/\/i0.wp.com\/25informa.com\/web\/wp-content\/uploads\/2016\/02\/IMG-20160210-WA0021.jpg?resize=360%2C270&amp;ssl=1 360w, https:\/\/i0.wp.com\/25informa.com\/web\/wp-content\/uploads\/2016\/02\/IMG-20160210-WA0021.jpg?resize=720%2C540&amp;ssl=1 720w\" sizes=\"auto, (max-width: 800px) 100vw, 800px\" \/><\/h3>\n<h3 style=\"text-align: justify;\"><\/h3>\n<p>&nbsp;<\/p>\n<p>&nbsp;<\/p>\n<h3 style=\"text-align: justify;\"><span style=\"color: #000000;\">La determinaci\u00f3n de cerrar el camping, fue luego del hecho que caus\u00f3 conmoci\u00f3n en toda la regi\u00f3n,\u00a0el pasado mi\u00e9rcoles, una\u00a0familia oriunda de Catriel (R\u00edo Negro), hab\u00eda viajado a Puel\u00e9n para pasar la calurosa jornada\u00a0en el camping de la localidad pampeana. Alrededor de las 17,30 hs sobrevino una tormenta el\u00e9ctrica en la zona, mientras se ba\u00f1aban en la pileta, Nancy Beatriz Avila de 52 a\u00f1os, sali\u00f3 para secarse y se dirigi\u00f3 al sector de la arboleda, donde imprevistamente cay\u00f3 un rayo sobre el \u00e1rbol cercano donde estaba la mujer.\u00a0Seg\u00fan cont\u00f3 el hijo \u201cmi mam\u00e1 se asust\u00f3 por el impacto del rayo y el estruendo, le provoc\u00f3 un infarto\u2026\u201d.<\/span><\/h3>\n<h3 style=\"text-align: justify;\"><\/h3>\n<p>&nbsp;<\/p>\n<p>&nbsp;<\/p>\n<p>&nbsp;<\/p>\n<h3 style=\"text-align: justify;\"><span style=\"color: #000000;\">Lamentablemente la mujer muri\u00f3 cuando era trasladada en ambulancia al hospital de 25 de Mayo Jorge Ahuad.\u00a0<\/span><\/h3>\n<h3 style=\"text-align: justify;\"><\/h3>\n<p>&nbsp;<\/p>\n<p>&nbsp;<\/p>\n<h3 style=\"text-align: justify;\"><\/h3>\n<h3 style=\"text-align: justify;\"><span style=\"color: #000000;\">A partir del tr\u00e1gico episodio, las investigaciones determinaron que el rayo adem\u00e1s caus\u00f3 inconvenientes en un tablera el\u00e9ctrico del camping y la rotura de algunas de las bombas de abastecimiento de agua.<\/span><\/h3>\n<h3 style=\"text-align: justify;\"><\/h3>\n<p>&nbsp;<\/p>\n<p>&nbsp;<\/p>\n<p>&nbsp;<\/p>\n","protected":false},"excerpt":{"rendered":"<p>13\/02\/16 &#8211; 25 de Mayo &#8211; Las autoridades municipales determinaron, en las \u00faltimas horas, cerrar por dos semanas el camping de la localidad de Puel\u00e9n, luego del tr\u00e1gico deceso de una mujer oriunda da Catriel, por la ca\u00edda de un rayo, el pasado mi\u00e9rcoles en la zona de la arboleda del complejo. Adem\u00e1s se pudo &hellip;<\/p>\n","protected":false},"author":2,"featured_media":4895,"comment_status":"open","ping_status":"open","sticky":false,"template":"","format":"standard","meta":{"_jetpack_memberships_contains_paid_content":false,"footnotes":"","jetpack_publicize_message":"","jetpack_publicize_feature_enabled":true,"jetpack_social_post_already_shared":false,"jetpack_social_options":{"image_generator_settings":{"template":"highway","default_image_id":0,"font":"","enabled":false},"version":2}},"categories":[5,6,3],"tags":[],"class_list":["post-5035","post","type-post","status-publish","format-standard","has-post-thumbnail","hentry","category-destacadas","category-locales","category-noticias"],"jetpack_publicize_connections":[],"jetpack_featured_media_url":"https:\/\/i0.wp.com\/25informa.com\/web\/wp-content\/uploads\/2016\/02\/IMG-20160210-WA0020-1.jpg?fit=800%2C600&ssl=1","jetpack-related-posts":[],"jetpack_sharing_enabled":true,"jetpack_likes_enabled":true,"_links":{"self":[{"href":"https:\/\/25informa.com\/web\/wp-json\/wp\/v2\/posts\/5035","targetHints":{"allow":["GET"]}}],"collection":[{"href":"https:\/\/25informa.com\/web\/wp-json\/wp\/v2\/posts"}],"about":[{"href":"https:\/\/25informa.com\/web\/wp-json\/wp\/v2\/types\/post"}],"author":[{"embeddable":true,"href":"https:\/\/25informa.com\/web\/wp-json\/wp\/v2\/users\/2"}],"replies":[{"embeddable":true,"href":"https:\/\/25informa.com\/web\/wp-json\/wp\/v2\/comments?post=5035"}],"version-history":[{"count":0,"href":"https:\/\/25informa.com\/web\/wp-json\/wp\/v2\/posts\/5035\/revisions"}],"wp:featuredmedia":[{"embeddable":true,"href":"https:\/\/25informa.com\/web\/wp-json\/wp\/v2\/media\/4895"}],"wp:attachment":[{"href":"https:\/\/25informa.com\/web\/wp-json\/wp\/v2\/media?parent=5035"}],"wp:term":[{"taxonomy":"category","embeddable":true,"href":"https:\/\/25informa.com\/web\/wp-json\/wp\/v2\/categories?post=5035"},{"taxonomy":"post_tag","embeddable":true,"href":"https:\/\/25informa.com\/web\/wp-json\/wp\/v2\/tags?post=5035"}],"curies":[{"name":"wp","href":"https:\/\/api.w.org\/{rel}","templated":true}]}}