{"id":5237,"date":"2016-02-16T08:57:47","date_gmt":"2016-02-16T11:57:47","guid":{"rendered":"https:\/\/25informa.com\/?p=5237"},"modified":"2016-02-16T08:57:47","modified_gmt":"2016-02-16T11:57:47","slug":"incendio-en-el-parque-industrial-de-pico","status":"publish","type":"post","link":"https:\/\/25informa.com\/web\/incendio-en-el-parque-industrial-de-pico\/","title":{"rendered":"Incendio en el Parque Industrial de Pico"},"content":{"rendered":"<h3 style=\"text-align: justify;\"><span style=\"color: #000000;\">16\/02\/16 &#8211; Un importante incendio se desat\u00f3 minutos antes de la medianoche de este lunes\u00a0en una de las f\u00e1bricas del Parque Industrial de Pico. Las llamas destruyeron una carpinter\u00eda que tambi\u00e9n funciona como centro de reciclado de silo bolsas y materiales pl\u00e1sticos.<\/span><\/h3>\n<p>&nbsp;<\/p>\n<p>&nbsp;<\/p>\n<p>&nbsp;<\/p>\n<p>&nbsp;<\/p>\n<h3 style=\"text-align: justify;\"><span style=\"color: #000000;\">Uno de los propietarios lleg\u00f3 a tiempo y pudo retirar un cami\u00f3n que se encontraba dentro del predio, inform\u00f3 maracodigital.net.<\/span><\/h3>\n<p>&nbsp;<\/p>\n<p>&nbsp;<\/p>\n<p>&nbsp;<\/p>\n<p>&nbsp;<\/p>\n<h3 style=\"text-align: justify;\"><span style=\"color: #000000;\">Una dotaci\u00f3n compuesta por dos autobombas y numerosos bomberos trabajaron arduamente para controlar las vigorosas llamas, ya que de un lado del edificio en cuesti\u00f3n se encuentra una planta encargada de envasar ox\u00edgeno, por lo que la situaci\u00f3n se torn\u00f3 m\u00e1s peligrosa.<\/span><\/h3>\n<p>&nbsp;<\/p>\n<p>&nbsp;<\/p>\n<p>&nbsp;<\/p>\n<p>&nbsp;<\/p>\n<h3 style=\"text-align: justify;\"><span style=\"color: #000000;\">Debido a la inmediatez del siniestro todav\u00eda no hay certezas sobre el inicio del incendio. Se investigar\u00e1 si pudo haber sido intencional.<\/span><\/h3>\n<p>&nbsp;<\/p>\n<p>&nbsp;<\/p>\n<p>&nbsp;<\/p>\n<p>&nbsp;<\/p>\n","protected":false},"excerpt":{"rendered":"<p>16\/02\/16 &#8211; Un importante incendio se desat\u00f3 minutos antes de la medianoche de este lunes\u00a0en una de las f\u00e1bricas del Parque Industrial de Pico. Las llamas destruyeron una carpinter\u00eda que tambi\u00e9n funciona como centro de reciclado de silo bolsas y materiales pl\u00e1sticos. &nbsp; &nbsp; &nbsp; &nbsp; Uno de los propietarios lleg\u00f3 a tiempo y pudo &hellip;<\/p>\n","protected":false},"author":2,"featured_media":0,"comment_status":"open","ping_status":"open","sticky":false,"template":"","format":"standard","meta":{"_jetpack_memberships_contains_paid_content":false,"footnotes":"","jetpack_publicize_message":"","jetpack_publicize_feature_enabled":true,"jetpack_social_post_already_shared":false,"jetpack_social_options":{"image_generator_settings":{"template":"highway","default_image_id":0,"font":"","enabled":false},"version":2}},"categories":[3,8,9],"tags":[],"class_list":["post-5237","post","type-post","status-publish","format-standard","hentry","category-noticias","category-provinciales","category-sin-categorizar"],"jetpack_publicize_connections":[],"jetpack_featured_media_url":"","jetpack-related-posts":[],"jetpack_sharing_enabled":true,"jetpack_likes_enabled":true,"_links":{"self":[{"href":"https:\/\/25informa.com\/web\/wp-json\/wp\/v2\/posts\/5237","targetHints":{"allow":["GET"]}}],"collection":[{"href":"https:\/\/25informa.com\/web\/wp-json\/wp\/v2\/posts"}],"about":[{"href":"https:\/\/25informa.com\/web\/wp-json\/wp\/v2\/types\/post"}],"author":[{"embeddable":true,"href":"https:\/\/25informa.com\/web\/wp-json\/wp\/v2\/users\/2"}],"replies":[{"embeddable":true,"href":"https:\/\/25informa.com\/web\/wp-json\/wp\/v2\/comments?post=5237"}],"version-history":[{"count":0,"href":"https:\/\/25informa.com\/web\/wp-json\/wp\/v2\/posts\/5237\/revisions"}],"wp:attachment":[{"href":"https:\/\/25informa.com\/web\/wp-json\/wp\/v2\/media?parent=5237"}],"wp:term":[{"taxonomy":"category","embeddable":true,"href":"https:\/\/25informa.com\/web\/wp-json\/wp\/v2\/categories?post=5237"},{"taxonomy":"post_tag","embeddable":true,"href":"https:\/\/25informa.com\/web\/wp-json\/wp\/v2\/tags?post=5237"}],"curies":[{"name":"wp","href":"https:\/\/api.w.org\/{rel}","templated":true}]}}