{"id":9219,"date":"2016-10-07T18:34:44","date_gmt":"2016-10-07T21:34:44","guid":{"rendered":"https:\/\/25informa.com\/?p=9219"},"modified":"2016-10-07T18:34:44","modified_gmt":"2016-10-07T21:34:44","slug":"funcionarios-y-legisladores-visitaron-la-refineria-refipampa","status":"publish","type":"post","link":"https:\/\/25informa.com\/web\/funcionarios-y-legisladores-visitaron-la-refineria-refipampa\/","title":{"rendered":"Funcionarios y Legisladores visitaron la refiner\u00eda RefiPampa"},"content":{"rendered":"<p>A poco de su puesta en marcha, un grupo de funcionarios provinciales y legisladores de diferentes fuerzas pol\u00edticas visitaron la obra de la primera refiner\u00eda que funcionar\u00e1 en la provincia de La Pampa, emplazada en Colonia 25 de Mayo. <!--more-->Se trata de <strong>RefiPampa,<\/strong> un emprendimiento con mayor\u00eda de capitales privados nacionales pero con participaci\u00f3n de la provincia de La Pampa, ya que forma parte de las unidades de negocio de <strong>Pampetrol.<\/strong><\/p>\n<p>Por parte del gobierno provincial participaron de la visita el Subsecretario de Hidrocarburos y Miner\u00eda, <strong>Mat\u00edas Toso, <\/strong>el director de Hidrocarburos<strong> Juan del R\u00edo,<\/strong> y miembros del equipo t\u00e9cnico de la misma subsecretar\u00eda (<strong>Cristian Buss, Cecilia Baldovino y Melina D\u00edaz)<\/strong>. Y tambi\u00e9n estuvieron presentes los diputados <strong>Aliaga Souto (<\/strong>Propuesta Federal Cambiemos) y <strong>Marcela In\u00e9s Coli<\/strong> (FrePam) quienes fueron acompa\u00f1ados por un grupo de asesores de otros legisladores.<\/p>\n<p><strong>RefiPampa,<\/strong> es una empresa nacional que cuenta con m\u00e1s de 20 a\u00f1os de experiencia en el sector a trav\u00e9s de una red de estaciones de servicio y centros de distribuci\u00f3n mayoristas en todo el pa\u00eds.<\/p>\n<p>Seg\u00fan comentaron los responsables de RefiPampa, la refiner\u00eda comenzar\u00eda a operar antes de fin de a\u00f1o. Se trata de una moderna planta de refinamiento de petr\u00f3leo que comenz\u00f3 a construirse en agosto de 2013 y que demand\u00f3 <strong>una inversi\u00f3n millonaria realmente trascendental para la provincia.. <\/strong><\/p>\n<p><strong>Importancia estrat\u00e9gica<\/strong><\/p>\n<p><strong>\u00a0\u00a0\u00a0\u00a0\u00a0\u00a0\u00a0\u00a0 <\/strong>Para las autoridades provinciales y municipales, el emprendimiento es<strong> \u00abverdaderamente estrat\u00e9gico. Hay que destacar lo que significa agregar valor a la materia prima de nuestra provincia. No s\u00f3lo es fundamental que nuestra provincia haya recibido una inversi\u00f3n de semejante magnitud, que se genere empleo directo e indirecto, que ayude a reactivar nuestra econom\u00eda, sino que adem\u00e1s coloque a La Pampa en una posici\u00f3n estrat\u00e9gica en el mercado de hidrocarburos. Debemos estar orgullosos de lo que significa para la industria de nuestra provincia\u00bb, <\/strong>sostuvieron los legisladores durante su recorrida por la planta.<\/p>\n<p><strong>\u00a0\u00a0\u00a0\u00a0\u00a0\u00a0\u00a0\u00a0 cabe destacar que RefiPampa se convertir\u00e1 as\u00ed en la primera refiner\u00eda ubicada en la provincia de La Pampa. \u00abQueremos destacar el fuerte compromiso y el importante esfuerzo realizado por todos los que hicieron posible la realizaci\u00f3n de este ambicioso proyecto\u00bb,<\/strong> manifestaron los presentes<strong>. <\/strong><\/p>\n<p><strong>RefiPampa tendr\u00e1 una capacidad de refinaci\u00f3n de 180.000 m3 al a\u00f1o y el gasoil que producir\u00e1 representa el 30 por ciento del consumo de la provincia\u00bb,<\/strong> explicaron los especialistas de la empresa, quienes agregaron que, mediante un acuerdo con DAPSA, la empresa ya refina <strong>50 mil m3 al a\u00f1o<\/strong> en la planta ubicada en Dock Sud.<\/p>\n<p><strong>Ubicaci\u00f3n privilegiada<\/strong><\/p>\n<p>Haber elegido Colonia 25 de Mayo para la instalaci\u00f3n de la planta significa una decisi\u00f3n estrat\u00e9gica si se considera que est\u00e1 dentro del \u00e1rea del yacimiento <strong>Medanito <\/strong>y a menos de 400 metros de la planta de tratamiento de crudo de <strong>PCR<\/strong>, lo cual significa la ventaja de ser abastecida a trav\u00e9s de un oleoducto.<\/p>\n<p>Es muy importante destacar que en caso que el crudo sea suministrado por proveedores de la provincia, La Pampa recibir\u00e1 un adicional en concepto de regal\u00edas por disminuci\u00f3n de gastos y transporte.<\/p>\n<p>Los presentes en la recorrida coincidieron en la importancia que representa el emprendimiento para la actividad econ\u00f3mica de la regi\u00f3n. Desde su inicio en 2013, se <strong>emplea a m\u00e1s de 50 personas en forma directa y se sumar\u00e1n al menos 20 a partir de su puesta en funcionamiento. La inversi\u00f3n desembolsada y la mano de obra generada, representan un impacto fenomenal para la actividad econ\u00f3mica de la regi\u00f3n<\/strong>.<\/p>\n<p><strong>La empresa<\/strong><\/p>\n<p>La empresa, que comercializa tanto en el sector mayorista como minorista, cuenta tambi\u00e9n con una flota propia de <strong>m\u00e1s de 110 camiones<\/strong> que le permiten garantizar la trazabilidad de los productos entregados a sus clientes.<\/p>\n<p>Con la puesta en marcha de la refiner\u00eda la empresa se convierte en<strong> la primera PyME que integra toda la cadena hidrocarbur\u00edfera: <\/strong>la exploraci\u00f3n y producci\u00f3n de crudo, la refinaci\u00f3n, el transporte, y su comercializaci\u00f3n, tanto en el sector mayorista como minorista.<\/p>\n<p><strong>Actividad y Proyecci\u00f3n<\/strong><\/p>\n<p>RefiPampa piensa ya en la ampliaci\u00f3n de la refiner\u00eda a corto y mediano plazo<strong>. \u00abYa hemos planificado la construcci\u00f3n de dos nuevas plantas; una de desulfuraci\u00f3n, y otra de isomerizaci\u00f3n\u00bb,<\/strong> explicaron los ingenieros.<\/p>\n<p>Seg\u00fan se pudo saber, la empresa estudiar\u00eda la posibilidad de localizar <strong>50 puntos de venta (EESS) en la provincia de La Pampa, sur de Santa Fe y C\u00f3rdoba, y centro y norte de la Provincia de Buenos Aires. Se proyectar\u00eda as\u00ed abanderar con marca propia y el suministro del stock inicial de combustible para su comercializaci\u00f3n<\/strong>.<\/p>\n<p>&nbsp;<\/p>\n<p>&nbsp;<\/p>\n<p><strong>\u00a0<\/strong><\/p>\n","protected":false},"excerpt":{"rendered":"<p>A poco de su puesta en marcha, un grupo de funcionarios provinciales y legisladores de diferentes fuerzas pol\u00edticas visitaron la obra de la primera refiner\u00eda que funcionar\u00e1 en la provincia de La Pampa, emplazada en Colonia 25 de Mayo. Se trata de RefiPampa, un emprendimiento con mayor\u00eda de capitales privados nacionales pero con participaci\u00f3n de &hellip;<\/p>\n","protected":false},"author":2,"featured_media":9220,"comment_status":"open","ping_status":"open","sticky":false,"template":"","format":"standard","meta":{"_jetpack_memberships_contains_paid_content":false,"footnotes":"","jetpack_publicize_message":"","jetpack_publicize_feature_enabled":true,"jetpack_social_post_already_shared":true,"jetpack_social_options":{"image_generator_settings":{"template":"highway","default_image_id":0,"font":"","enabled":false},"version":2}},"categories":[5,6],"tags":[],"class_list":["post-9219","post","type-post","status-publish","format-standard","has-post-thumbnail","hentry","category-destacadas","category-locales"],"jetpack_publicize_connections":[],"jetpack_featured_media_url":"https:\/\/i0.wp.com\/25informa.com\/web\/wp-content\/uploads\/2016\/10\/refipampa-1.jpg?fit=700%2C525&ssl=1","jetpack-related-posts":[],"jetpack_sharing_enabled":true,"jetpack_likes_enabled":true,"_links":{"self":[{"href":"https:\/\/25informa.com\/web\/wp-json\/wp\/v2\/posts\/9219","targetHints":{"allow":["GET"]}}],"collection":[{"href":"https:\/\/25informa.com\/web\/wp-json\/wp\/v2\/posts"}],"about":[{"href":"https:\/\/25informa.com\/web\/wp-json\/wp\/v2\/types\/post"}],"author":[{"embeddable":true,"href":"https:\/\/25informa.com\/web\/wp-json\/wp\/v2\/users\/2"}],"replies":[{"embeddable":true,"href":"https:\/\/25informa.com\/web\/wp-json\/wp\/v2\/comments?post=9219"}],"version-history":[{"count":0,"href":"https:\/\/25informa.com\/web\/wp-json\/wp\/v2\/posts\/9219\/revisions"}],"wp:featuredmedia":[{"embeddable":true,"href":"https:\/\/25informa.com\/web\/wp-json\/wp\/v2\/media\/9220"}],"wp:attachment":[{"href":"https:\/\/25informa.com\/web\/wp-json\/wp\/v2\/media?parent=9219"}],"wp:term":[{"taxonomy":"category","embeddable":true,"href":"https:\/\/25informa.com\/web\/wp-json\/wp\/v2\/categories?post=9219"},{"taxonomy":"post_tag","embeddable":true,"href":"https:\/\/25informa.com\/web\/wp-json\/wp\/v2\/tags?post=9219"}],"curies":[{"name":"wp","href":"https:\/\/api.w.org\/{rel}","templated":true}]}}